{"id":8727,"date":"2017-07-19T15:02:45","date_gmt":"2017-07-19T15:02:45","guid":{"rendered":""},"modified":"2017-07-19T15:02:45","modified_gmt":"2017-07-19T15:02:45","slug":"sistema-de-mal-tiempo-proveniente-de-colombia-afecta-el-pais","status":"publish","type":"post","link":"https:\/\/sertv.gob.pa\/crisolfm\/sistema-de-mal-tiempo-proveniente-de-colombia-afecta-el-pais\/","title":{"rendered":"Sistema de mal tiempo proveniente de Colombia afecta el pa\u00eds"},"content":{"rendered":"<p>\nEl Sistema Nacional de Protecci\u00f3n Civil (Sinaproc) dio a conocer que un sistema de mal tiempo proveniente de Colombia est\u00e1 afectando al pa\u00eds. <\/p>\n<p>Las \u00e1reas que se ven afectadas por este sistema de mal tiempo son: Comarca Guna Yala, Col\u00f3n, Panam\u00e1 Oeste, Panam\u00e1, Cocl\u00e9, Herrera, Los Santos Dari\u00e9n y Comarca Ember\u00e1. <\/p>\n<p>La Fuerza de Tarea Conjunta se halla monitoreando y evaluando zonas vulnerables a inundaciones y deslizamientos Ciudad Panam\u00e1 y Col\u00f3n. <\/p>\n<p>La entidad le recomienda a la poblaci\u00f3n evitar cualquier actividad al aire libre cuando se tenga conocimiento de la ocurrencia de descargas el\u00e9ctricas atmosf\u00e9ricas (rayos); buscar refugio en una casa (no met\u00e1lica) o en un auto, a la ca\u00edda del primer rayo. No se refugie bajo un \u00e1rbol. <\/p>\n<p>Durante la temporada lluviosa, de tener la necesidad de cruzar o estar en la orilla de un r\u00edo, estar muy atentos de las cabezas de agua. De no existir esta necesidad, mantenerse alejado de los r\u00edos. <\/p>\n<p>\u00a0 <\/p>\n","protected":false},"excerpt":{"rendered":"<p>El Sistema Nacional de Protecci\u00f3n Civil (Sinaproc) dio a conocer <a href=\"https:\/\/sertv.gob.pa\/crisolfm\/sistema-de-mal-tiempo-proveniente-de-colombia-afecta-el-pais\/\"> [&#8230;]<\/a><\/p>\n","protected":false},"author":1,"featured_media":8728,"comment_status":"closed","ping_status":"closed","sticky":false,"template":"","format":"standard","meta":{"footnotes":""},"categories":[7],"tags":[],"class_list":["post-8727","post","type-post","status-publish","format-standard","has-post-thumbnail","hentry","category-ecologicas"],"_links":{"self":[{"href":"https:\/\/sertv.gob.pa\/crisolfm\/wp-json\/wp\/v2\/posts\/8727","targetHints":{"allow":["GET"]}}],"collection":[{"href":"https:\/\/sertv.gob.pa\/crisolfm\/wp-json\/wp\/v2\/posts"}],"about":[{"href":"https:\/\/sertv.gob.pa\/crisolfm\/wp-json\/wp\/v2\/types\/post"}],"author":[{"embeddable":true,"href":"https:\/\/sertv.gob.pa\/crisolfm\/wp-json\/wp\/v2\/users\/1"}],"replies":[{"embeddable":true,"href":"https:\/\/sertv.gob.pa\/crisolfm\/wp-json\/wp\/v2\/comments?post=8727"}],"version-history":[{"count":0,"href":"https:\/\/sertv.gob.pa\/crisolfm\/wp-json\/wp\/v2\/posts\/8727\/revisions"}],"wp:featuredmedia":[{"embeddable":true,"href":"https:\/\/sertv.gob.pa\/crisolfm\/wp-json\/wp\/v2\/media\/8728"}],"wp:attachment":[{"href":"https:\/\/sertv.gob.pa\/crisolfm\/wp-json\/wp\/v2\/media?parent=8727"}],"wp:term":[{"taxonomy":"category","embeddable":true,"href":"https:\/\/sertv.gob.pa\/crisolfm\/wp-json\/wp\/v2\/categories?post=8727"},{"taxonomy":"post_tag","embeddable":true,"href":"https:\/\/sertv.gob.pa\/crisolfm\/wp-json\/wp\/v2\/tags?post=8727"}],"curies":[{"name":"wp","href":"https:\/\/api.w.org\/{rel}","templated":true}]}}