{"id":8737,"date":"2017-07-19T16:32:11","date_gmt":"2017-07-19T16:32:11","guid":{"rendered":""},"modified":"2017-07-19T16:32:11","modified_gmt":"2017-07-19T16:32:11","slug":"seul-se-suma-a-la-reconversion-verde-urbana","status":"publish","type":"post","link":"https:\/\/sertv.gob.pa\/crisolfm\/seul-se-suma-a-la-reconversion-verde-urbana\/","title":{"rendered":"Se\u00fal se suma a la reconversi\u00f3n verde urbana"},"content":{"rendered":"<p>\nEn los \u00faltimos a\u00f1os, diversas ciudades han ido transformando sus espacios en desuso, sus abandonadas construcciones, o antiguas infraestructuras viales en nuevos espacios verdes. Conocidos ejemplos de ello son el  High Line Elevated Park  de Manhattan (Nueva York), un parque urbano elevado sobre una antigua l\u00ednea de ferrocarril completado en 2014, e inspirado en el  Coul\u00e9e verte Ren\u00e9-Dumont  de Par\u00eds, de 4,7 kil\u00f3metros y finalizado en 1993 ;  el proyecto  Parques del R\u00edo  en Medell\u00edn (Colombia), que plantea cubrir de parques los 20 kil\u00f3metros del R\u00edo Medell\u00edn Aburr\u00e1, y aporta 328 hect\u00e1reas de nuevo espacio p\u00fablico; los  Jardines de la Bah\u00eda  de Singapur, sobre 101\u00a0hect\u00e1reas de tierra ganada al mar. O el reci\u00e9n inaugurado  Skygarden  de Se\u00fal, cuyo paseo, de un kil\u00f3metro de longitud, ocupa una autopista elevada en desuso. <\/p>\n<p>Este paso elevado de la Estaci\u00f3n de Se\u00fal, a 17 metros de altura, fue construido en los a\u00f1os 70 y desde 2006 la ciudad prohibi\u00f3 el acceso a veh\u00edculos pesados por considerar insegura su estructura. Los altos costes de reconstrucci\u00f3n y mantenimiento supusieron su abandono y, tras una primera intenci\u00f3n de demolici\u00f3n, se opt\u00f3 por un concurso de ideas para su reconversi\u00f3n. Y fue  MVRDV , un estudio de arquitectura holand\u00e9s, el ganador y su propuesta,  Seoul Skygarden,  ha transformado la abandonada autopista en un parque de 938 metros de longitud en apenas dos a\u00f1os. <\/p>\n<p>Sus dise\u00f1adores definen este jard\u00edn como un \u00abdiccionario bot\u00e1nico viviente\u00bb y es que, en \u00e9l se alojan 228 especies bot\u00e1nicas, originarias de distintos lugares del pa\u00eds, y en estricto orden alfab\u00e9tico .  Organizado en barrios, con especies diferentes, el espacio est\u00e1 perfectamente se\u00f1alizado, y a lo largo del trayecto pueden hallarse tiendas de flores, mercados callejeros, bibliotecas e invernaderos. El proyecto prev\u00e9 adem\u00e1s que, en el futuro, el paso elevado pueda convertirse en un &#8216;vivero urbano&#8217;, que produzca \u00e1rboles para los distritos cercanos. Igualmente plantea su posible extensi\u00f3n f\u00edsica mediante estructuras adicionales de escaleras, ascensores y escaleras mec\u00e1nicas, as\u00ed como jardines &#8216;sat\u00e9lite&#8217;. De manera que este espacio verde urbano pueda seguir creciendo. <\/p>\n<p>El Skygarden, abierto al p\u00fablico en mayo de 2017, ha favorecido los desplazamientos peatonales en la capital, que ahora son m\u00e1s cortos y transcurren por un jard\u00edn verde. Ha supuesto, adem\u00e1s, un cierto respiro para los habitantes de una ciudad densamente poblada, de casi 10 millones de personas, y hoy tremendamente convulsa ante los casos de corrupci\u00f3n pol\u00edtica en el pa\u00eds. <\/p>\n<p>\u00a0 <\/p>\n","protected":false},"excerpt":{"rendered":"<p>En los \u00faltimos a\u00f1os, diversas ciudades han ido transformando sus <a href=\"https:\/\/sertv.gob.pa\/crisolfm\/seul-se-suma-a-la-reconversion-verde-urbana\/\"> [&#8230;]<\/a><\/p>\n","protected":false},"author":1,"featured_media":8738,"comment_status":"closed","ping_status":"closed","sticky":false,"template":"","format":"standard","meta":{"footnotes":""},"categories":[7],"tags":[],"class_list":["post-8737","post","type-post","status-publish","format-standard","has-post-thumbnail","hentry","category-ecologicas"],"_links":{"self":[{"href":"https:\/\/sertv.gob.pa\/crisolfm\/wp-json\/wp\/v2\/posts\/8737","targetHints":{"allow":["GET"]}}],"collection":[{"href":"https:\/\/sertv.gob.pa\/crisolfm\/wp-json\/wp\/v2\/posts"}],"about":[{"href":"https:\/\/sertv.gob.pa\/crisolfm\/wp-json\/wp\/v2\/types\/post"}],"author":[{"embeddable":true,"href":"https:\/\/sertv.gob.pa\/crisolfm\/wp-json\/wp\/v2\/users\/1"}],"replies":[{"embeddable":true,"href":"https:\/\/sertv.gob.pa\/crisolfm\/wp-json\/wp\/v2\/comments?post=8737"}],"version-history":[{"count":0,"href":"https:\/\/sertv.gob.pa\/crisolfm\/wp-json\/wp\/v2\/posts\/8737\/revisions"}],"wp:featuredmedia":[{"embeddable":true,"href":"https:\/\/sertv.gob.pa\/crisolfm\/wp-json\/wp\/v2\/media\/8738"}],"wp:attachment":[{"href":"https:\/\/sertv.gob.pa\/crisolfm\/wp-json\/wp\/v2\/media?parent=8737"}],"wp:term":[{"taxonomy":"category","embeddable":true,"href":"https:\/\/sertv.gob.pa\/crisolfm\/wp-json\/wp\/v2\/categories?post=8737"},{"taxonomy":"post_tag","embeddable":true,"href":"https:\/\/sertv.gob.pa\/crisolfm\/wp-json\/wp\/v2\/tags?post=8737"}],"curies":[{"name":"wp","href":"https:\/\/api.w.org\/{rel}","templated":true}]}}