{"id":8753,"date":"2017-07-20T17:03:22","date_gmt":"2017-07-20T17:03:22","guid":{"rendered":""},"modified":"2017-07-20T17:03:22","modified_gmt":"2017-07-20T17:03:22","slug":"crearan-corredor-para-la-proteccion-de-osos-de-anteojos","status":"publish","type":"post","link":"https:\/\/sertv.gob.pa\/crisolfm\/crearan-corredor-para-la-proteccion-de-osos-de-anteojos\/","title":{"rendered":"Crear\u00e1n corredor para la protecci\u00f3n de osos de anteojos"},"content":{"rendered":"<p>\nTeniendo en cuenta\u00a0que  el oso de anteojos es una especie en riesgo de extinci\u00f3n, y que habita por excelencia los Andes suramericanos , la Asamblea de Antioquia aprob\u00f3  una ordenanza que busca la protecci\u00f3n de esta especie \u00a0a partir de\u00a0la creaci\u00f3n de un corredor ambiental. <\/p>\n<p>El corredor  ser\u00e1 creado en el suroeste y occidente de Antioquia , en un trabajo en conjunto con la Secretar\u00eda del Medio Ambiente, entidades territoriales, autoridades ambientales e instituciones p\u00fablicas y privadas. <\/p>\n<p>Entre las acciones que se realizar\u00e1n para la protecci\u00f3n de esta especie est\u00e1n: la  restauraci\u00f3n de los ecosistemas \u00a0y\u00a0\u00a0la  protecci\u00f3n ,  monitoreo  y  seguimiento de la especie  y  su h\u00e1bitat . <\/p>\n<p>La iniciativa igualmente  busca\u00a0delimitar la expansi\u00f3n de la frontera agropecuaria , y  fomentar la educaci\u00f3n en pr\u00e1cticas conscientes  que permitan la conservaci\u00f3n y sostenibilidad de los territorios, sin afectar la especie\u00a0y con el fin de evitar que se sigan presentando\u00a0problemas como  la disputa del territorio entre los osos y los campesinos e ind\u00edgenas . <\/p>\n<p>Este corredor que hace parte del Sistema Departamental de \u00c1reas Protegidas, creado desde el 2015,  busca que\u00a0la gesti\u00f3n no solo permita la conservaci\u00f3n de esta especie,  sino que tambi\u00e9n, genere oportunidades,  espacios de trabajos colaborativos  entre los propietarios, las cooperativas y las asociaciones de productores para la restauraci\u00f3n de los ecosistemas afectados y la protecci\u00f3n de las especies. <\/p>\n<p>Adem\u00e1s, se espera que a partir de la institucionalizaci\u00f3n del  Festival Anual del Oso de Anteojos , que se celebra anualmente en el Huila, contribuya a la creaci\u00f3n de conciencia de conservaci\u00f3n\u00a0y\u00a0a la vez aporte a las i niciativas educativas que planea la Gobernaci\u00f3n .\u00a0 <\/p>\n<p>\u00a0 <\/p>\n","protected":false},"excerpt":{"rendered":"<p>Teniendo en cuenta\u00a0que el oso de anteojos es una especie <a href=\"https:\/\/sertv.gob.pa\/crisolfm\/crearan-corredor-para-la-proteccion-de-osos-de-anteojos\/\"> [&#8230;]<\/a><\/p>\n","protected":false},"author":1,"featured_media":8754,"comment_status":"closed","ping_status":"closed","sticky":false,"template":"","format":"standard","meta":{"footnotes":""},"categories":[7],"tags":[],"class_list":["post-8753","post","type-post","status-publish","format-standard","has-post-thumbnail","hentry","category-ecologicas"],"_links":{"self":[{"href":"https:\/\/sertv.gob.pa\/crisolfm\/wp-json\/wp\/v2\/posts\/8753","targetHints":{"allow":["GET"]}}],"collection":[{"href":"https:\/\/sertv.gob.pa\/crisolfm\/wp-json\/wp\/v2\/posts"}],"about":[{"href":"https:\/\/sertv.gob.pa\/crisolfm\/wp-json\/wp\/v2\/types\/post"}],"author":[{"embeddable":true,"href":"https:\/\/sertv.gob.pa\/crisolfm\/wp-json\/wp\/v2\/users\/1"}],"replies":[{"embeddable":true,"href":"https:\/\/sertv.gob.pa\/crisolfm\/wp-json\/wp\/v2\/comments?post=8753"}],"version-history":[{"count":0,"href":"https:\/\/sertv.gob.pa\/crisolfm\/wp-json\/wp\/v2\/posts\/8753\/revisions"}],"wp:featuredmedia":[{"embeddable":true,"href":"https:\/\/sertv.gob.pa\/crisolfm\/wp-json\/wp\/v2\/media\/8754"}],"wp:attachment":[{"href":"https:\/\/sertv.gob.pa\/crisolfm\/wp-json\/wp\/v2\/media?parent=8753"}],"wp:term":[{"taxonomy":"category","embeddable":true,"href":"https:\/\/sertv.gob.pa\/crisolfm\/wp-json\/wp\/v2\/categories?post=8753"},{"taxonomy":"post_tag","embeddable":true,"href":"https:\/\/sertv.gob.pa\/crisolfm\/wp-json\/wp\/v2\/tags?post=8753"}],"curies":[{"name":"wp","href":"https:\/\/api.w.org\/{rel}","templated":true}]}}