{"id":8763,"date":"2017-07-21T16:02:46","date_gmt":"2017-07-21T16:02:46","guid":{"rendered":""},"modified":"2017-07-21T16:02:46","modified_gmt":"2017-07-21T16:02:46","slug":"estudiantes-mexicanos-crearon-una-silla-de-ruedas-solar","status":"publish","type":"post","link":"https:\/\/sertv.gob.pa\/crisolfm\/estudiantes-mexicanos-crearon-una-silla-de-ruedas-solar\/","title":{"rendered":"Estudiantes mexicanos crearon una silla de ruedas solar"},"content":{"rendered":"<p>\nTres estudiantes del Instituto Polit\u00e9cnico Nacional de M\u00e9xico desarrollaron \u00abChairgoes\u00bb, una silla de ruedas solar. <\/p>\n<p>Se trata de un emprendimiento que se origin\u00f3 a partir del deseo de ayudar a los otros, ya que est\u00e1 pensada para personas parapl\u00e9jicas, personas con lesiones en la espalda y piernas, o adultos mayores con dificultad motriz. <\/p>\n<p>\u00bfC\u00f3mo surgi\u00f3 la idea? Cuando ten\u00eda seis a\u00f1os, la mam\u00e1 de Sergio Bustos, uno de los autores de este proyecto, fue diagnosticada con c\u00e1ncer en el cerebro, con lo cual perdi\u00f3 la movilidad en la parte derecha del cuerpo, por lo que comenz\u00f3 a utilizar una silla de ruedas. <\/p>\n<p>El equipo se completa con Brandon V\u00e1zquez y Alejandro Soriano, a quienes se les ocurri\u00f3 la idea tras notar las dificultades que ten\u00edan las personas con discapacidad para viajar en el subte. En M\u00e9xico m\u00e1s de cinco millones de personas padecen una discapacidad, de \u00e9stas 58% tienen dificultad para caminar o moverse. <\/p>\n<p>Funciona con energ\u00eda solar y el\u00e9ctrica, carga dispositivos m\u00f3viles v\u00eda USB, sube y baja escaleras mec\u00e1nicas, se desplaza a 15 km\/h, soporta hasta 160 kilos. Tiene 3 paneles solares, dos motores, llave de encendido, gatillo, frenos tipo bicicleta. <\/p>\n<p>\u00a0 <\/p>\n","protected":false},"excerpt":{"rendered":"<p>Tres estudiantes del Instituto Polit\u00e9cnico Nacional de M\u00e9xico desarrollaron \u00abChairgoes\u00bb, <a href=\"https:\/\/sertv.gob.pa\/crisolfm\/estudiantes-mexicanos-crearon-una-silla-de-ruedas-solar\/\"> [&#8230;]<\/a><\/p>\n","protected":false},"author":1,"featured_media":8764,"comment_status":"closed","ping_status":"closed","sticky":false,"template":"","format":"standard","meta":{"footnotes":""},"categories":[7],"tags":[],"class_list":["post-8763","post","type-post","status-publish","format-standard","has-post-thumbnail","hentry","category-ecologicas"],"_links":{"self":[{"href":"https:\/\/sertv.gob.pa\/crisolfm\/wp-json\/wp\/v2\/posts\/8763","targetHints":{"allow":["GET"]}}],"collection":[{"href":"https:\/\/sertv.gob.pa\/crisolfm\/wp-json\/wp\/v2\/posts"}],"about":[{"href":"https:\/\/sertv.gob.pa\/crisolfm\/wp-json\/wp\/v2\/types\/post"}],"author":[{"embeddable":true,"href":"https:\/\/sertv.gob.pa\/crisolfm\/wp-json\/wp\/v2\/users\/1"}],"replies":[{"embeddable":true,"href":"https:\/\/sertv.gob.pa\/crisolfm\/wp-json\/wp\/v2\/comments?post=8763"}],"version-history":[{"count":0,"href":"https:\/\/sertv.gob.pa\/crisolfm\/wp-json\/wp\/v2\/posts\/8763\/revisions"}],"wp:featuredmedia":[{"embeddable":true,"href":"https:\/\/sertv.gob.pa\/crisolfm\/wp-json\/wp\/v2\/media\/8764"}],"wp:attachment":[{"href":"https:\/\/sertv.gob.pa\/crisolfm\/wp-json\/wp\/v2\/media?parent=8763"}],"wp:term":[{"taxonomy":"category","embeddable":true,"href":"https:\/\/sertv.gob.pa\/crisolfm\/wp-json\/wp\/v2\/categories?post=8763"},{"taxonomy":"post_tag","embeddable":true,"href":"https:\/\/sertv.gob.pa\/crisolfm\/wp-json\/wp\/v2\/tags?post=8763"}],"curies":[{"name":"wp","href":"https:\/\/api.w.org\/{rel}","templated":true}]}}