{"id":8775,"date":"2017-07-23T18:24:00","date_gmt":"2017-07-23T18:24:00","guid":{"rendered":""},"modified":"2017-07-23T18:24:00","modified_gmt":"2017-07-23T18:24:00","slug":"barcelona-busca-desalentar-el-uso-del-auto","status":"publish","type":"post","link":"https:\/\/sertv.gob.pa\/crisolfm\/barcelona-busca-desalentar-el-uso-del-auto\/","title":{"rendered":"Barcelona busca desalentar el uso del auto"},"content":{"rendered":"<p>\nEl pleno municipal de Barcelona ha aprobado el encarecimiento de las tasas de estacionamiento regulado de veh\u00edculos en la v\u00eda p\u00fablica durante los episodios de contaminaci\u00f3n atmosf\u00e9rica, para incentivar el uso del transporte p\u00fablico y los desplazamientos a pie y en bicicleta. <\/p>\n<p>En estos periodos m\u00e1s cr\u00edticos de poluci\u00f3n, que tienen lugar de 2 \u00f3 3 veces al a\u00f1o y suelen durar unos pocos d\u00edas, se aplicar\u00e1 un recargo a la tarifa del \u00c1rea Azul y el \u00c1rea Verde (para no residentes) de 2 euros \/ hora, salvo en los veh\u00edculos ECO y Zero emisiones. <\/p>\n<p>El ejecutivo estima que la aplicaci\u00f3n del recargo puede generar un impacto recaudatorio de 160 mil euros. <\/p>\n<p>\u00a0 <\/p>\n","protected":false},"excerpt":{"rendered":"<p>El pleno municipal de Barcelona ha aprobado el encarecimiento de <a href=\"https:\/\/sertv.gob.pa\/crisolfm\/barcelona-busca-desalentar-el-uso-del-auto\/\"> [&#8230;]<\/a><\/p>\n","protected":false},"author":1,"featured_media":8776,"comment_status":"closed","ping_status":"closed","sticky":false,"template":"","format":"standard","meta":{"footnotes":""},"categories":[7],"tags":[],"class_list":["post-8775","post","type-post","status-publish","format-standard","has-post-thumbnail","hentry","category-ecologicas"],"_links":{"self":[{"href":"https:\/\/sertv.gob.pa\/crisolfm\/wp-json\/wp\/v2\/posts\/8775","targetHints":{"allow":["GET"]}}],"collection":[{"href":"https:\/\/sertv.gob.pa\/crisolfm\/wp-json\/wp\/v2\/posts"}],"about":[{"href":"https:\/\/sertv.gob.pa\/crisolfm\/wp-json\/wp\/v2\/types\/post"}],"author":[{"embeddable":true,"href":"https:\/\/sertv.gob.pa\/crisolfm\/wp-json\/wp\/v2\/users\/1"}],"replies":[{"embeddable":true,"href":"https:\/\/sertv.gob.pa\/crisolfm\/wp-json\/wp\/v2\/comments?post=8775"}],"version-history":[{"count":0,"href":"https:\/\/sertv.gob.pa\/crisolfm\/wp-json\/wp\/v2\/posts\/8775\/revisions"}],"wp:featuredmedia":[{"embeddable":true,"href":"https:\/\/sertv.gob.pa\/crisolfm\/wp-json\/wp\/v2\/media\/8776"}],"wp:attachment":[{"href":"https:\/\/sertv.gob.pa\/crisolfm\/wp-json\/wp\/v2\/media?parent=8775"}],"wp:term":[{"taxonomy":"category","embeddable":true,"href":"https:\/\/sertv.gob.pa\/crisolfm\/wp-json\/wp\/v2\/categories?post=8775"},{"taxonomy":"post_tag","embeddable":true,"href":"https:\/\/sertv.gob.pa\/crisolfm\/wp-json\/wp\/v2\/tags?post=8775"}],"curies":[{"name":"wp","href":"https:\/\/api.w.org\/{rel}","templated":true}]}}