{"id":8801,"date":"2017-07-25T16:49:15","date_gmt":"2017-07-25T16:49:15","guid":{"rendered":""},"modified":"2017-07-25T16:49:15","modified_gmt":"2017-07-25T16:49:15","slug":"vison-europeo-y-urogallo-cantabrico-entre-otros-en-extincion","status":"publish","type":"post","link":"https:\/\/sertv.gob.pa\/crisolfm\/vison-europeo-y-urogallo-cantabrico-entre-otros-en-extincion\/","title":{"rendered":"Vis\u00f3n europeo y urogallo cant\u00e1brico, entre otros, en extinci\u00f3n"},"content":{"rendered":"<p>\nLa Conferencia Sectorial de Medio Ambiente, formada por Comunidades Aut\u00f3nomas y Gobierno, ha aprobado declarar en &#8216;situaci\u00f3n cr\u00edtica&#8217; al vis\u00f3n europeo, el urogallo cant\u00e1brico, la jara de Cartagena, al alcaud\u00f3n chico y la nacra com\u00fan, todas ellas especies amenazadas \u00abpr\u00f3ximas a la extinci\u00f3n\u00bb, seg\u00fan las ONG conservacionistas. <\/p>\n<p>Seg\u00fan ha informado el ministerio, esta propuesta, remitida por las comunidades aut\u00f3nomas y las ONG, ya ha recibido el visto bueno de la Comisi\u00f3n Estatal para el Patrimonio Natural y la Biodiversidad, y ahora debe aprobarse mediante una Orden ministerial. <\/p>\n<p>En declaraciones a Europa Press, la directora ejecutiva de SEO\/Birdlife, Asunci\u00f3n Ruiz, ha celebrado esta decisi\u00f3n que su organizaci\u00f3n \u00ablleva mucho tiempo reclamando\u00bb, sobre todo, por el urogallo cant\u00e1brico que \u00abde no actuar, podr\u00eda significar la pr\u00f3xima extinci\u00f3n de una especie tan caracter\u00edstica de la avifauna espa\u00f1ola\u00bb. <\/p>\n<p>Ruiz ha insistido en que, luego de esta declaraci\u00f3n, se debe poner en marcha \u00abplanes urgentes con medidas concretas\u00bb dotados de \u00abfinanciaci\u00f3n suficiente\u00bb. Asimismo, ha indicado que se deben elaborar \u00abcensos de poblaci\u00f3n\u00bb para conocer la realidad de estas especies en el pa\u00eds y, as\u00ed, hacer un seguimiento. <\/p>\n<p>Por su parte, WWF, que est\u00e1 llevando a cabo una campa\u00f1a para salvar al vis\u00f3n europeo de la extinci\u00f3n, ha reconocido la \u00abimportancia\u00bb de esta medida, pero ha lamentado que el Gobierno \u00abno haya acompa\u00f1ado esta declaraci\u00f3n de los recursos econ\u00f3micos necesarios para salvar a esta especie\u00bb. Seg\u00fan WWF, para salvar el vis\u00f3n europeo se necesitan, al menos, un mill\u00f3n de euros. <\/p>\n<p>Por otro lado, la reuni\u00f3n sectorial, presidida por la ministra de Agricultura y Pesca, Alimentaci\u00f3n y Medio Ambiente (MAPAMA), Isabel Garc\u00eda Tejerina, y en la que han participado las comunidades aut\u00f3nomas de Arag\u00f3n, Valencia, Extremadura y La Rioja y por videoconferencia Cantabria, Baleares, Andaluc\u00eda y Pa\u00eds Vasco, tambi\u00e9n ha abordado el borrador de anteproyecto de Ley de evaluaci\u00f3n ambiental para incorporar la Directiva europea al ordenamiento jur\u00eddico espa\u00f1ol la Directiva europea. <\/p>\n<p>Asimismo, se ha acordado el reparto de hasta 16,3 millones de euros a actuaciones medioambientales, la mayor parte para iniciativas de lucha contra el cambio clim\u00e1tico. As\u00ed, se distribuir\u00e1n 10,4 millones de euros en el marco de los Planes de Impulso al Medio Ambiente (PIMA) Residuos, Adapta Costas y Adapta Ecosistemas; otros 3 millones a las \u00e1reas de influencia socioecon\u00f3mica de los Parques Nacionales; 1,8 a la adecuaci\u00f3n de puntos limpios e implementaci\u00f3n del Plan Estatal Marco de Residuos; y 1 mill\u00f3n a actuaciones del Fondo del Patrimonio Natural y la Biodiversidad. <\/p>\n<p>\u00a0 <\/p>\n<p>\u00a0 <\/p>\n","protected":false},"excerpt":{"rendered":"<p>La Conferencia Sectorial de Medio Ambiente, formada por Comunidades Aut\u00f3nomas <a href=\"https:\/\/sertv.gob.pa\/crisolfm\/vison-europeo-y-urogallo-cantabrico-entre-otros-en-extincion\/\"> [&#8230;]<\/a><\/p>\n","protected":false},"author":1,"featured_media":8802,"comment_status":"closed","ping_status":"closed","sticky":false,"template":"","format":"standard","meta":{"footnotes":""},"categories":[7],"tags":[],"class_list":["post-8801","post","type-post","status-publish","format-standard","has-post-thumbnail","hentry","category-ecologicas"],"_links":{"self":[{"href":"https:\/\/sertv.gob.pa\/crisolfm\/wp-json\/wp\/v2\/posts\/8801","targetHints":{"allow":["GET"]}}],"collection":[{"href":"https:\/\/sertv.gob.pa\/crisolfm\/wp-json\/wp\/v2\/posts"}],"about":[{"href":"https:\/\/sertv.gob.pa\/crisolfm\/wp-json\/wp\/v2\/types\/post"}],"author":[{"embeddable":true,"href":"https:\/\/sertv.gob.pa\/crisolfm\/wp-json\/wp\/v2\/users\/1"}],"replies":[{"embeddable":true,"href":"https:\/\/sertv.gob.pa\/crisolfm\/wp-json\/wp\/v2\/comments?post=8801"}],"version-history":[{"count":0,"href":"https:\/\/sertv.gob.pa\/crisolfm\/wp-json\/wp\/v2\/posts\/8801\/revisions"}],"wp:featuredmedia":[{"embeddable":true,"href":"https:\/\/sertv.gob.pa\/crisolfm\/wp-json\/wp\/v2\/media\/8802"}],"wp:attachment":[{"href":"https:\/\/sertv.gob.pa\/crisolfm\/wp-json\/wp\/v2\/media?parent=8801"}],"wp:term":[{"taxonomy":"category","embeddable":true,"href":"https:\/\/sertv.gob.pa\/crisolfm\/wp-json\/wp\/v2\/categories?post=8801"},{"taxonomy":"post_tag","embeddable":true,"href":"https:\/\/sertv.gob.pa\/crisolfm\/wp-json\/wp\/v2\/tags?post=8801"}],"curies":[{"name":"wp","href":"https:\/\/api.w.org\/{rel}","templated":true}]}}