{"id":8821,"date":"2017-07-26T21:20:31","date_gmt":"2017-07-26T21:20:31","guid":{"rendered":""},"modified":"2017-07-26T21:20:31","modified_gmt":"2017-07-26T21:20:31","slug":"en-valencia-nace-en-bioparc-el-tercer-gorila","status":"publish","type":"post","link":"https:\/\/sertv.gob.pa\/crisolfm\/en-valencia-nace-en-bioparc-el-tercer-gorila\/","title":{"rendered":"En Valencia nace en Bioparc el tercer gorila"},"content":{"rendered":"<p>\nEl numeroso p\u00fablico que acud\u00eda a Bioparc deValencia se ha llevado una sorpresa al descubrir que el recinto que alberga a la familia de gorilas contaba con una nueva cr\u00eda ya que la noche del pasado viernes 21 de julio Ali, una de las hembras del grupo, pari\u00f3 un nuevo beb\u00e9. <\/p>\n<p>Esta nueva \u00abvida\u00bb es el tercer gorila occidental de costa (Gorilla gorilla gorilla) que nace en Bioparc de Valencia y en la Comunitat y, dado la experiencia de los progenitores y la estabilidad de toda la \u00abfamilia\u00bb, el equipo t\u00e9cnico ha decidido darles este martes pasado acceso al recinto exterior, donde se encuentran a la vista de los visitantes, seg\u00fan ha se\u00f1alado el zool\u00f3gico en un comunicado. <\/p>\n<p>Actualmente, el grupo cuenta con Mambie, el espalda plateada, su primog\u00e9nito Ebo de 4 a\u00f1os, las hembras, Fossey, Nalani con su cr\u00eda Virunga de tan s\u00f3lo 11 meses y Ali con su beb\u00e9 de 4 d\u00edas que presumiblemente tambi\u00e9n es una hembra. El comportamiento de toda la familia est\u00e1 siendo muy relajado y totalmente natural, lo que ha estado llamando la atenci\u00f3n de los visitantes, especialmente la fuerza con la que la peque\u00f1a cr\u00eda se agarra al pelaje de su madre y la gran curiosidad de los otros dos peque\u00f1os. <\/p>\n<p>El equipo t\u00e9cnico de Bioparc est\u00e1 pendiente en todo momento del bienestar y evoluci\u00f3n tanto del beb\u00e9 como de su madre. Se ha preparado un dispositivo especial para ambas, acondicionando los cobijos y permitiendo el acceso tanto al interior como al exterior para su comodidad y tranquilidad. <\/p>\n<p>Esta especie de primates se encuentra en grave riesgo de extinci\u00f3n, catalogada \u00aben peligro cr\u00edtico\u00bb por la Uni\u00f3n Internacional para la Conservaci\u00f3n de la Naturaleza (IUCN). Por este motivo, cada nacimiento es una gran noticia para la conservaci\u00f3n de la biodiversidad del planeta, se\u00f1alan. <\/p>\n<p>Asimismo, subrayan que Bioparc Valencia est\u00e1 especialmente comprometido con el Programa Europeo de Conservaci\u00f3n (EEP) de gorilas, y desde su apertura ya cont\u00f3 con el \u00abprivilegio\u00bb de poder formar un grupo reproductor que sigue dando frutos y esperanza de pervivencia para los gorilas. Igualmente, contribuye activamente a su conservaci\u00f3n \u00abin situ\u00bb a trav\u00e9s de la Fundaci\u00f3n BIOPARC y el proyecto de EBO en \u00c1frica. <\/p>\n<p>\u00a0 <\/p>\n<p>\u00a0 <\/p>\n","protected":false},"excerpt":{"rendered":"<p>El numeroso p\u00fablico que acud\u00eda a Bioparc deValencia se ha <a href=\"https:\/\/sertv.gob.pa\/crisolfm\/en-valencia-nace-en-bioparc-el-tercer-gorila\/\"> [&#8230;]<\/a><\/p>\n","protected":false},"author":1,"featured_media":8822,"comment_status":"closed","ping_status":"closed","sticky":false,"template":"","format":"standard","meta":{"footnotes":""},"categories":[7],"tags":[],"class_list":["post-8821","post","type-post","status-publish","format-standard","has-post-thumbnail","hentry","category-ecologicas"],"_links":{"self":[{"href":"https:\/\/sertv.gob.pa\/crisolfm\/wp-json\/wp\/v2\/posts\/8821","targetHints":{"allow":["GET"]}}],"collection":[{"href":"https:\/\/sertv.gob.pa\/crisolfm\/wp-json\/wp\/v2\/posts"}],"about":[{"href":"https:\/\/sertv.gob.pa\/crisolfm\/wp-json\/wp\/v2\/types\/post"}],"author":[{"embeddable":true,"href":"https:\/\/sertv.gob.pa\/crisolfm\/wp-json\/wp\/v2\/users\/1"}],"replies":[{"embeddable":true,"href":"https:\/\/sertv.gob.pa\/crisolfm\/wp-json\/wp\/v2\/comments?post=8821"}],"version-history":[{"count":0,"href":"https:\/\/sertv.gob.pa\/crisolfm\/wp-json\/wp\/v2\/posts\/8821\/revisions"}],"wp:featuredmedia":[{"embeddable":true,"href":"https:\/\/sertv.gob.pa\/crisolfm\/wp-json\/wp\/v2\/media\/8822"}],"wp:attachment":[{"href":"https:\/\/sertv.gob.pa\/crisolfm\/wp-json\/wp\/v2\/media?parent=8821"}],"wp:term":[{"taxonomy":"category","embeddable":true,"href":"https:\/\/sertv.gob.pa\/crisolfm\/wp-json\/wp\/v2\/categories?post=8821"},{"taxonomy":"post_tag","embeddable":true,"href":"https:\/\/sertv.gob.pa\/crisolfm\/wp-json\/wp\/v2\/tags?post=8821"}],"curies":[{"name":"wp","href":"https:\/\/api.w.org\/{rel}","templated":true}]}}