{"id":8833,"date":"2017-07-27T16:08:31","date_gmt":"2017-07-27T16:08:31","guid":{"rendered":""},"modified":"2017-07-27T16:08:31","modified_gmt":"2017-07-27T16:08:31","slug":"incendios-en-el-sur-de-francia-ya-arrasaron-4-mil-hectareas","status":"publish","type":"post","link":"https:\/\/sertv.gob.pa\/crisolfm\/incendios-en-el-sur-de-francia-ya-arrasaron-4-mil-hectareas\/","title":{"rendered":"Incendios en el sur de Francia ya arrasaron 4 mil hect\u00e1reas"},"content":{"rendered":"<p>\nCerca de 10 mil personas han sido evacuadas al declararse un nuevo fuego en el sur de Francia, que se enfrenta desde el lunes a una grave ola de incendios que han arrasado ya m\u00e1s de 4 mil hect\u00e1reas en el sureste y en la isla de C\u00f3rcega. <\/p>\n<p>\u00abLas evacuaciones han sido necesarias debido a la progresi\u00f3n de las llamas y el humo en un \u00e1rea en la que se dobla o se triplica la poblaci\u00f3n en verano\u00bb, afirm\u00f3 un portavoz de los Bomberos en Bormes-les-Mimosas del departamento de Var, en la regi\u00f3n de Provenza-Alpes-Costa Azul, al sureste del pa\u00eds. <\/p>\n<p>Aunque la mayor parte de los evacuados pasaron la noche en centros habilitados o en sus veh\u00edculos, algunos prefirieron desplegar sus mantas o sacos en playas de la zona. <\/p>\n<p>La superficie afectada por este nuevo incendio, que se declar\u00f3 poco antes de la medianoche, supera ya las 800 hect\u00e1reas. <\/p>\n<p>\u00a0 <\/p>\n","protected":false},"excerpt":{"rendered":"<p>Cerca de 10 mil personas han sido evacuadas al declararse <a href=\"https:\/\/sertv.gob.pa\/crisolfm\/incendios-en-el-sur-de-francia-ya-arrasaron-4-mil-hectareas\/\"> [&#8230;]<\/a><\/p>\n","protected":false},"author":1,"featured_media":8834,"comment_status":"closed","ping_status":"closed","sticky":false,"template":"","format":"standard","meta":{"footnotes":""},"categories":[7],"tags":[],"class_list":["post-8833","post","type-post","status-publish","format-standard","has-post-thumbnail","hentry","category-ecologicas"],"_links":{"self":[{"href":"https:\/\/sertv.gob.pa\/crisolfm\/wp-json\/wp\/v2\/posts\/8833","targetHints":{"allow":["GET"]}}],"collection":[{"href":"https:\/\/sertv.gob.pa\/crisolfm\/wp-json\/wp\/v2\/posts"}],"about":[{"href":"https:\/\/sertv.gob.pa\/crisolfm\/wp-json\/wp\/v2\/types\/post"}],"author":[{"embeddable":true,"href":"https:\/\/sertv.gob.pa\/crisolfm\/wp-json\/wp\/v2\/users\/1"}],"replies":[{"embeddable":true,"href":"https:\/\/sertv.gob.pa\/crisolfm\/wp-json\/wp\/v2\/comments?post=8833"}],"version-history":[{"count":0,"href":"https:\/\/sertv.gob.pa\/crisolfm\/wp-json\/wp\/v2\/posts\/8833\/revisions"}],"wp:featuredmedia":[{"embeddable":true,"href":"https:\/\/sertv.gob.pa\/crisolfm\/wp-json\/wp\/v2\/media\/8834"}],"wp:attachment":[{"href":"https:\/\/sertv.gob.pa\/crisolfm\/wp-json\/wp\/v2\/media?parent=8833"}],"wp:term":[{"taxonomy":"category","embeddable":true,"href":"https:\/\/sertv.gob.pa\/crisolfm\/wp-json\/wp\/v2\/categories?post=8833"},{"taxonomy":"post_tag","embeddable":true,"href":"https:\/\/sertv.gob.pa\/crisolfm\/wp-json\/wp\/v2\/tags?post=8833"}],"curies":[{"name":"wp","href":"https:\/\/api.w.org\/{rel}","templated":true}]}}