{"id":8835,"date":"2017-07-27T16:25:41","date_gmt":"2017-07-27T16:25:41","guid":{"rendered":""},"modified":"2017-07-27T16:25:41","modified_gmt":"2017-07-27T16:25:41","slug":"espana-busca-prohibir-el-comercio-y-la-tenencia-de-primates","status":"publish","type":"post","link":"https:\/\/sertv.gob.pa\/crisolfm\/espana-busca-prohibir-el-comercio-y-la-tenencia-de-primates\/","title":{"rendered":"Espa\u00f1a busca prohibir el comercio y la tenencia de primates"},"content":{"rendered":"<p>\nEl Congreso espa\u00f1ol solicit\u00f3 al Gobierno que legisle para prohibir el comercio, la cesi\u00f3n, la donaci\u00f3n o el intercambio de primates, as\u00ed como su tenencia, y ha alertado del incremento de las transacciones que se llevan a cabo por internet. <\/p>\n<p>Cada a\u00f1o se comercializan miles de primates en Espa\u00f1a para su tenencia particular debido a una legislaci\u00f3n que es \u00abconfusa y contradictoria\u00bb, refleja la iniciativa parlamentaria, que advierte adem\u00e1s de que han aumentado tambi\u00e9n el n\u00famero de animales abandonados, maltratados y decomisados. <\/p>\n<p>Para evitarlo, la Comisi\u00f3n de Agricultura, Alimentaci\u00f3n y Medio Ambiente de la c\u00e1mara ha aprobado por asentimiento una proposici\u00f3n no de ley, suscrita por todos los grupos parlamentarios, que pide al Gobierno que modifique la legislaci\u00f3n actual, para que la tenencia de primates se limite a organismos, institutos o centros autorizados de una forma oficial. <\/p>\n<p>La proposici\u00f3n no de ley incluye adem\u00e1s la posibilidad de que esos animales puedan ser tenidos por instituciones u organizaciones para la investigaci\u00f3n o para labores de conservaci\u00f3n de las especies. <\/p>\n<p>\u00a0 <\/p>\n","protected":false},"excerpt":{"rendered":"<p>El Congreso espa\u00f1ol solicit\u00f3 al Gobierno que legisle para prohibir <a href=\"https:\/\/sertv.gob.pa\/crisolfm\/espana-busca-prohibir-el-comercio-y-la-tenencia-de-primates\/\"> [&#8230;]<\/a><\/p>\n","protected":false},"author":1,"featured_media":8836,"comment_status":"closed","ping_status":"closed","sticky":false,"template":"","format":"standard","meta":{"footnotes":""},"categories":[7],"tags":[],"class_list":["post-8835","post","type-post","status-publish","format-standard","has-post-thumbnail","hentry","category-ecologicas"],"_links":{"self":[{"href":"https:\/\/sertv.gob.pa\/crisolfm\/wp-json\/wp\/v2\/posts\/8835","targetHints":{"allow":["GET"]}}],"collection":[{"href":"https:\/\/sertv.gob.pa\/crisolfm\/wp-json\/wp\/v2\/posts"}],"about":[{"href":"https:\/\/sertv.gob.pa\/crisolfm\/wp-json\/wp\/v2\/types\/post"}],"author":[{"embeddable":true,"href":"https:\/\/sertv.gob.pa\/crisolfm\/wp-json\/wp\/v2\/users\/1"}],"replies":[{"embeddable":true,"href":"https:\/\/sertv.gob.pa\/crisolfm\/wp-json\/wp\/v2\/comments?post=8835"}],"version-history":[{"count":0,"href":"https:\/\/sertv.gob.pa\/crisolfm\/wp-json\/wp\/v2\/posts\/8835\/revisions"}],"wp:featuredmedia":[{"embeddable":true,"href":"https:\/\/sertv.gob.pa\/crisolfm\/wp-json\/wp\/v2\/media\/8836"}],"wp:attachment":[{"href":"https:\/\/sertv.gob.pa\/crisolfm\/wp-json\/wp\/v2\/media?parent=8835"}],"wp:term":[{"taxonomy":"category","embeddable":true,"href":"https:\/\/sertv.gob.pa\/crisolfm\/wp-json\/wp\/v2\/categories?post=8835"},{"taxonomy":"post_tag","embeddable":true,"href":"https:\/\/sertv.gob.pa\/crisolfm\/wp-json\/wp\/v2\/tags?post=8835"}],"curies":[{"name":"wp","href":"https:\/\/api.w.org\/{rel}","templated":true}]}}