{"id":8881,"date":"2017-08-01T16:43:27","date_gmt":"2017-08-01T16:43:27","guid":{"rendered":""},"modified":"2017-08-01T16:43:27","modified_gmt":"2017-08-01T16:43:27","slug":"para-proteger-medioambiente-mexicano-inventa-bicicleta-de-bambu","status":"publish","type":"post","link":"https:\/\/sertv.gob.pa\/crisolfm\/para-proteger-medioambiente-mexicano-inventa-bicicleta-de-bambu\/","title":{"rendered":"Para proteger medioambiente mexicano inventa bicicleta de bamb\u00fa"},"content":{"rendered":"<p>\nA 200 a\u00f1os de su invenci\u00f3n,  la bicicleta  se consolida hoy como  medio de transporte  al alcance de todas las clases sociales y se populariza como la mejor soluci\u00f3n de movilidad ante el acelerado cambio clim\u00e1tico. <\/p>\n<p>Para impulsar su uso mediante un modelo sostenible, el mexicano Diego C\u00e1rdenas decidi\u00f3 retomar un modelo de 1890 elaborado con  bamb\u00fa  como una \u00abrespuesta a las condiciones sociales que sufrimos a nivel mundial\u00bb. <\/p>\n<p>\u00abEs costoso romper monta\u00f1as para buscar minas o fundir piedras para obtener metales; el bamb\u00fa crece continuamente y en grandes cantidades\u00bb, cuenta a Efe este dise\u00f1ador industrial sobre sus bicicletas, las cuales comenz\u00f3 a construir en 2007. <\/p>\n<p>El  bamb\u00fa , explica C\u00e1rdenas, resulta en una opci\u00f3n ligera y suave que es \u00abdos veces m\u00e1s fuerte que el acero\u00bb y que absorbe \u00abcuatro veces m\u00e1s vibraci\u00f3n que la fibra de carbono\u00bb. <\/p>\n<p>La evoluci\u00f3n de  la bicicleta  empez\u00f3 con la primera construida con madera en 1817 por el alem\u00e1n Karl Dreis; en la Revoluci\u00f3n Industrial (a partir de 1820), el metal sustituy\u00f3 a la madera, y luego de \u00a0la II Guerra Mundial (1939-1945) se pas\u00f3 a los pl\u00e1sticos. <\/p>\n<p>En la f\u00e1brica de C\u00e1rdenas, cada  bicicleta  es hecha a mano en un 85% de  bamb\u00fa , procedente del suroriental estado mexicano de Yucat\u00e1n, con acero para las uniones y conexiones, as\u00ed como fibra de carbono y barniz para proteger los materiales. <\/p>\n<p>Tras un delicado proceso de selecci\u00f3n, el  bamb\u00fa  se somete a una fase que endurece los az\u00facares de su superficie como una especie de recubrimiento y lo deja listo para recibir los \u00faltimos acabados, todo mediante procesos naturales, explica. <\/p>\n<p> Bamboocycle , la  bicicleta de bamb\u00fa  de C\u00e1rdenas, fue el resultado de su necesidad de trasladarse por la ciudad sin auto, adem\u00e1s de una investigaci\u00f3n acad\u00e9mica, un viaje a Europa y el conocimiento sobre el bamb\u00fa adquirido en un curso de verano en Francia, comenta. <\/p>\n<p>En 2007 arm\u00f3 su veh\u00edculo y la inesperada respuesta de la gente lo impuls\u00f3 a iniciar su negocio en 2010 con el prop\u00f3sito de crear conciencia en movilidad. <\/p>\n<p>C\u00e1rdenas expresa que siempre se adapta a las necesidades, gustos y exigencias de cada uno de sus clientes que buscan comprar esta bicicleta, \u00abun medio de transporte que lleva la naturaleza en cada pedaleo\u00bb. <\/p>\n<p>\u00a0 <\/p>\n<p>\u00a0 <\/p>\n","protected":false},"excerpt":{"rendered":"<p>A 200 a\u00f1os de su invenci\u00f3n, la bicicleta se consolida <a href=\"https:\/\/sertv.gob.pa\/crisolfm\/para-proteger-medioambiente-mexicano-inventa-bicicleta-de-bambu\/\"> [&#8230;]<\/a><\/p>\n","protected":false},"author":1,"featured_media":8882,"comment_status":"closed","ping_status":"closed","sticky":false,"template":"","format":"standard","meta":{"footnotes":""},"categories":[7],"tags":[],"class_list":["post-8881","post","type-post","status-publish","format-standard","has-post-thumbnail","hentry","category-ecologicas"],"_links":{"self":[{"href":"https:\/\/sertv.gob.pa\/crisolfm\/wp-json\/wp\/v2\/posts\/8881","targetHints":{"allow":["GET"]}}],"collection":[{"href":"https:\/\/sertv.gob.pa\/crisolfm\/wp-json\/wp\/v2\/posts"}],"about":[{"href":"https:\/\/sertv.gob.pa\/crisolfm\/wp-json\/wp\/v2\/types\/post"}],"author":[{"embeddable":true,"href":"https:\/\/sertv.gob.pa\/crisolfm\/wp-json\/wp\/v2\/users\/1"}],"replies":[{"embeddable":true,"href":"https:\/\/sertv.gob.pa\/crisolfm\/wp-json\/wp\/v2\/comments?post=8881"}],"version-history":[{"count":0,"href":"https:\/\/sertv.gob.pa\/crisolfm\/wp-json\/wp\/v2\/posts\/8881\/revisions"}],"wp:featuredmedia":[{"embeddable":true,"href":"https:\/\/sertv.gob.pa\/crisolfm\/wp-json\/wp\/v2\/media\/8882"}],"wp:attachment":[{"href":"https:\/\/sertv.gob.pa\/crisolfm\/wp-json\/wp\/v2\/media?parent=8881"}],"wp:term":[{"taxonomy":"category","embeddable":true,"href":"https:\/\/sertv.gob.pa\/crisolfm\/wp-json\/wp\/v2\/categories?post=8881"},{"taxonomy":"post_tag","embeddable":true,"href":"https:\/\/sertv.gob.pa\/crisolfm\/wp-json\/wp\/v2\/tags?post=8881"}],"curies":[{"name":"wp","href":"https:\/\/api.w.org\/{rel}","templated":true}]}}