{"id":8899,"date":"2017-08-02T16:29:33","date_gmt":"2017-08-02T16:29:33","guid":{"rendered":""},"modified":"2017-08-02T16:29:33","modified_gmt":"2017-08-02T16:29:33","slug":"lanzan-satelite-para-medir-el-cambio-climatico","status":"publish","type":"post","link":"https:\/\/sertv.gob.pa\/crisolfm\/lanzan-satelite-para-medir-el-cambio-climatico\/","title":{"rendered":"Lanzan sat\u00e9lite para medir el cambio clim\u00e1tico"},"content":{"rendered":"<p>\nUn  sat\u00e9lite destinado a medir el cambio clim\u00e1tico  y sus efectos sobre la vegetaci\u00f3n fue lanzado con \u00e9xito en la noche de este martes desde la  Guayana Francesa,  anunci\u00f3 la empresa ejecutora Arianespace. <\/p>\n<p>Los aparatos fueron lanzados desde la plataforma de  Kourou, ubicada en la Guayana Francesa  a las 11:56 de la noche\u00a0(hora local). <\/p>\n<p>El nuevo microsat\u00e9lite Venus es un  emprendimiento conjunto de las agencias espaciales de Francia y de Israel.\u00a0  <\/p>\n<p>El aparato va a fotografiar  110 lugares en todo el mundo cada dos d\u00edas  durante un periodo de dos a\u00f1os y medio para medir el impacto del cambio clim\u00e1tico en los ecosistemas y en la agricultura. <\/p>\n<p>En el lanzamiento igualmente fue puesto en \u00f3rbita un  sat\u00e9lite italiano perteneciente al Ministerio de Defensa.  <\/p>\n<p>\u00a0 <\/p>\n","protected":false},"excerpt":{"rendered":"<p>Un sat\u00e9lite destinado a medir el cambio clim\u00e1tico y sus <a href=\"https:\/\/sertv.gob.pa\/crisolfm\/lanzan-satelite-para-medir-el-cambio-climatico\/\"> [&#8230;]<\/a><\/p>\n","protected":false},"author":1,"featured_media":8900,"comment_status":"closed","ping_status":"closed","sticky":false,"template":"","format":"standard","meta":{"footnotes":""},"categories":[7],"tags":[],"class_list":["post-8899","post","type-post","status-publish","format-standard","has-post-thumbnail","hentry","category-ecologicas"],"_links":{"self":[{"href":"https:\/\/sertv.gob.pa\/crisolfm\/wp-json\/wp\/v2\/posts\/8899","targetHints":{"allow":["GET"]}}],"collection":[{"href":"https:\/\/sertv.gob.pa\/crisolfm\/wp-json\/wp\/v2\/posts"}],"about":[{"href":"https:\/\/sertv.gob.pa\/crisolfm\/wp-json\/wp\/v2\/types\/post"}],"author":[{"embeddable":true,"href":"https:\/\/sertv.gob.pa\/crisolfm\/wp-json\/wp\/v2\/users\/1"}],"replies":[{"embeddable":true,"href":"https:\/\/sertv.gob.pa\/crisolfm\/wp-json\/wp\/v2\/comments?post=8899"}],"version-history":[{"count":0,"href":"https:\/\/sertv.gob.pa\/crisolfm\/wp-json\/wp\/v2\/posts\/8899\/revisions"}],"wp:featuredmedia":[{"embeddable":true,"href":"https:\/\/sertv.gob.pa\/crisolfm\/wp-json\/wp\/v2\/media\/8900"}],"wp:attachment":[{"href":"https:\/\/sertv.gob.pa\/crisolfm\/wp-json\/wp\/v2\/media?parent=8899"}],"wp:term":[{"taxonomy":"category","embeddable":true,"href":"https:\/\/sertv.gob.pa\/crisolfm\/wp-json\/wp\/v2\/categories?post=8899"},{"taxonomy":"post_tag","embeddable":true,"href":"https:\/\/sertv.gob.pa\/crisolfm\/wp-json\/wp\/v2\/tags?post=8899"}],"curies":[{"name":"wp","href":"https:\/\/api.w.org\/{rel}","templated":true}]}}