{"id":8907,"date":"2017-08-03T15:10:07","date_gmt":"2017-08-03T15:10:07","guid":{"rendered":""},"modified":"2017-08-03T15:10:07","modified_gmt":"2017-08-03T15:10:07","slug":"en-numeros-rojos-entra-el-planeta-tierra","status":"publish","type":"post","link":"https:\/\/sertv.gob.pa\/crisolfm\/en-numeros-rojos-entra-el-planeta-tierra\/","title":{"rendered":"En \u201cn\u00fameros rojos\u201d entra el planeta Tierra"},"content":{"rendered":"<p>\nEl panorama no es alentador y el Fondo Mundial para la Naturaleza (WWF, por su sigla en ingl\u00e9s) lo dibuja en cifras. &ldquo;En menos de ocho meses hemos usado m\u00e1s recursos naturales de los que el planeta puede producir en 12 meses. Hemos agotado el presupuesto ecol\u00f3gico de la Tierra y, durante el resto de 2017, estaremos viviendo a costa de los recursos de las futuras generaciones&rdquo;, indica un comunicado de la organizaci\u00f3n en su sitio web. <\/p>\n<p>Ayer mi\u00e9rcoles, 2 de agosto, la humanidad habr\u00eda agotado todos los recursos que la naturaleza puede generar este a\u00f1o y por eso la WWF define la fecha como el &ldquo;D\u00eda de la Sobrecapacidad de la Tierra&rdquo;, que cada a\u00f1o se adelanta m\u00e1s. En 2016, fue el 8 de agosto. <\/p>\n<p>&ldquo;Ya vivimos como si tuvi\u00e9semos 1.7 planetas a nuestra disposici\u00f3n, lo que supone, b\u00e1sicamente, que estamos viviendo a costa de los recursos naturales de las futuras generaciones&rdquo;, sentencia el organismo que trabaja en la conservaci\u00f3n de la naturaleza y en disminuir las amenazas m\u00e1s apremiantes a la diversidad de la vida en la tierra. <\/p>\n<p>\u00bfHasta cu\u00e1ndo podremos seguir forzando los l\u00edmites del planeta?, se pregunta y plantea las causas y efectos. <\/p>\n<p>El precio de este d\u00e9ficit ecol\u00f3gico es cada vez m\u00e1s evidente: tiene forma de deforestaci\u00f3n, de sequ\u00edas prolongadas, de erosi\u00f3n del suelo, de agotamiento de las pesquer\u00edas, de p\u00e9rdida de biodiversidad, de contaminaci\u00f3n de los oc\u00e9anos y, especialmente, de cambio clim\u00e1tico. <\/p>\n<p>\u00a0 <\/p>\n","protected":false},"excerpt":{"rendered":"<p>El panorama no es alentador y el Fondo Mundial para <a href=\"https:\/\/sertv.gob.pa\/crisolfm\/en-numeros-rojos-entra-el-planeta-tierra\/\"> [&#8230;]<\/a><\/p>\n","protected":false},"author":1,"featured_media":8908,"comment_status":"closed","ping_status":"closed","sticky":false,"template":"","format":"standard","meta":{"footnotes":""},"categories":[7],"tags":[],"class_list":["post-8907","post","type-post","status-publish","format-standard","has-post-thumbnail","hentry","category-ecologicas"],"_links":{"self":[{"href":"https:\/\/sertv.gob.pa\/crisolfm\/wp-json\/wp\/v2\/posts\/8907","targetHints":{"allow":["GET"]}}],"collection":[{"href":"https:\/\/sertv.gob.pa\/crisolfm\/wp-json\/wp\/v2\/posts"}],"about":[{"href":"https:\/\/sertv.gob.pa\/crisolfm\/wp-json\/wp\/v2\/types\/post"}],"author":[{"embeddable":true,"href":"https:\/\/sertv.gob.pa\/crisolfm\/wp-json\/wp\/v2\/users\/1"}],"replies":[{"embeddable":true,"href":"https:\/\/sertv.gob.pa\/crisolfm\/wp-json\/wp\/v2\/comments?post=8907"}],"version-history":[{"count":0,"href":"https:\/\/sertv.gob.pa\/crisolfm\/wp-json\/wp\/v2\/posts\/8907\/revisions"}],"wp:featuredmedia":[{"embeddable":true,"href":"https:\/\/sertv.gob.pa\/crisolfm\/wp-json\/wp\/v2\/media\/8908"}],"wp:attachment":[{"href":"https:\/\/sertv.gob.pa\/crisolfm\/wp-json\/wp\/v2\/media?parent=8907"}],"wp:term":[{"taxonomy":"category","embeddable":true,"href":"https:\/\/sertv.gob.pa\/crisolfm\/wp-json\/wp\/v2\/categories?post=8907"},{"taxonomy":"post_tag","embeddable":true,"href":"https:\/\/sertv.gob.pa\/crisolfm\/wp-json\/wp\/v2\/tags?post=8907"}],"curies":[{"name":"wp","href":"https:\/\/api.w.org\/{rel}","templated":true}]}}