{"id":8913,"date":"2017-08-03T16:21:24","date_gmt":"2017-08-03T16:21:24","guid":{"rendered":""},"modified":"2017-08-03T16:21:24","modified_gmt":"2017-08-03T16:21:24","slug":"insolito-frente-frio-llegara-a-panama","status":"publish","type":"post","link":"https:\/\/sertv.gob.pa\/crisolfm\/insolito-frente-frio-llegara-a-panama\/","title":{"rendered":"Ins\u00f3lito frente fr\u00edo llegar\u00e1 a Panam\u00e1"},"content":{"rendered":"<p>\nPanam\u00e1 experimentar\u00e1 algo poco usual para su clima tropical y para esta \u00e9poca del a\u00f1o. <\/p>\n<p>Estar\u00e1\u00a0llegando un frente fr\u00edo a las costas del pa\u00eds los primeros d\u00edas de Agosto, generando primero\u00a0algunas tormentas y luego una importante baja de temperatura, un fen\u00f3meno clim\u00e1tico que no\u00a0experiment\u00e1bamos desde Enero de este a\u00f1o. <\/p>\n<p>El frente se aproxima desde el Oc\u00e9ano Atl\u00e1ntico, entrando por el Noreste. Pasadas algunas\u00a0tormentas y lluvias, la mayor parte de las regiones del pa\u00eds experimentar\u00e1n una sensaci\u00f3n de\u00a0frescura a causa del sorpresivo fen\u00f3meno. <\/p>\n<p>Se espera que, durante los fines de semana, las bajas en las temperaturas tendr\u00e1n a sentirse\u00a0m\u00e1s en la ciudad, debido al flujo de personas que viaja hacia el interior del pa\u00eds y playas\u00a0cercanas. <\/p>\n<p>\u00a0 <\/p>\n","protected":false},"excerpt":{"rendered":"<p>Panam\u00e1 experimentar\u00e1 algo poco usual para su clima tropical y <a href=\"https:\/\/sertv.gob.pa\/crisolfm\/insolito-frente-frio-llegara-a-panama\/\"> [&#8230;]<\/a><\/p>\n","protected":false},"author":1,"featured_media":8914,"comment_status":"closed","ping_status":"closed","sticky":false,"template":"","format":"standard","meta":{"footnotes":""},"categories":[7],"tags":[],"class_list":["post-8913","post","type-post","status-publish","format-standard","has-post-thumbnail","hentry","category-ecologicas"],"_links":{"self":[{"href":"https:\/\/sertv.gob.pa\/crisolfm\/wp-json\/wp\/v2\/posts\/8913","targetHints":{"allow":["GET"]}}],"collection":[{"href":"https:\/\/sertv.gob.pa\/crisolfm\/wp-json\/wp\/v2\/posts"}],"about":[{"href":"https:\/\/sertv.gob.pa\/crisolfm\/wp-json\/wp\/v2\/types\/post"}],"author":[{"embeddable":true,"href":"https:\/\/sertv.gob.pa\/crisolfm\/wp-json\/wp\/v2\/users\/1"}],"replies":[{"embeddable":true,"href":"https:\/\/sertv.gob.pa\/crisolfm\/wp-json\/wp\/v2\/comments?post=8913"}],"version-history":[{"count":0,"href":"https:\/\/sertv.gob.pa\/crisolfm\/wp-json\/wp\/v2\/posts\/8913\/revisions"}],"wp:featuredmedia":[{"embeddable":true,"href":"https:\/\/sertv.gob.pa\/crisolfm\/wp-json\/wp\/v2\/media\/8914"}],"wp:attachment":[{"href":"https:\/\/sertv.gob.pa\/crisolfm\/wp-json\/wp\/v2\/media?parent=8913"}],"wp:term":[{"taxonomy":"category","embeddable":true,"href":"https:\/\/sertv.gob.pa\/crisolfm\/wp-json\/wp\/v2\/categories?post=8913"},{"taxonomy":"post_tag","embeddable":true,"href":"https:\/\/sertv.gob.pa\/crisolfm\/wp-json\/wp\/v2\/tags?post=8913"}],"curies":[{"name":"wp","href":"https:\/\/api.w.org\/{rel}","templated":true}]}}