{"id":8933,"date":"2017-08-04T18:23:57","date_gmt":"2017-08-04T18:23:57","guid":{"rendered":""},"modified":"2017-08-04T18:23:57","modified_gmt":"2017-08-04T18:23:57","slug":"daran-la-vuelta-al-mundo-en-bici-para-concienciar-sobre-reciclaje","status":"publish","type":"post","link":"https:\/\/sertv.gob.pa\/crisolfm\/daran-la-vuelta-al-mundo-en-bici-para-concienciar-sobre-reciclaje\/","title":{"rendered":"Dar\u00e1n la vuelta al mundo en bici para concienciar sobre reciclaje"},"content":{"rendered":"<p>\nDos j\u00f3venes franceses patrocinados por PlasticsEurope dar\u00e1n la vuelta al mundo en bicicleta en el marco de la iniciativa Cycle to Recycle (pedalear para reciclar) con el fin de identificar proyectos que ayuden a minimizar el impacto ambiental de los residuos de pl\u00e1stico abandonados y har\u00e1n parada en Santander y Madrid, seg\u00fan han informado los promotores de la iniciativa. <\/p>\n<p>El prop\u00f3sito de Cycle to Recycle, que recorrer\u00e1 m\u00e1s de 20.000 kil\u00f3metros a lo largo de 4 continentes, es identificar y dar a conocer buenas pr\u00e1cticas en la gesti\u00f3n de residuos pl\u00e1sticos, \u00abespecialmente en lo referente a la recogida, selecci\u00f3n y reciclaje\u00bb de los pl\u00e1sticos, tal y como ha informado la entidad impulsora de la iniciativa. <\/p>\n<p>Para ello, durante su aventura, los j\u00f3venes ciclistas Matthieu y Quentin se reunir\u00e1n con los responsables de diferentes proyectos de sostenibilidad en las distintas ciudades de origen, para entender \u00abel contexto humano, cultural y medioambiental\u00bb, mientras que los avances y conclusiones obtenidas ser\u00e1n difundidos a trav\u00e9s de v\u00eddeos en canales de redes sociales de Cycle to Recycle. <\/p>\n<p>Durante el recorrido, los dos j\u00f3venes llevar\u00e1n una bandera con el mensaje &#8216;Cero Pl\u00e1sticos en Vertedero&#8217;, que es uno de los \u00abobjetivos estrat\u00e9gicos\u00bb de PlasticsEurope, seg\u00fan han explicado. <\/p>\n<p>\u00abUno de los impulsos que m\u00e1s nos motiv\u00f3 para emprender esta aventura fue un viaje en bici por Corea del Sur en 2016, donde tuvimos que cargar con todos nuestros residuos porque no encontr\u00e1bamos d\u00f3nde tirarlos\u00bb, ha asegurado Matthieu. <\/p>\n<p>\u00a0 <\/p>\n<p>\u00a0 <\/p>\n","protected":false},"excerpt":{"rendered":"<p>Dos j\u00f3venes franceses patrocinados por PlasticsEurope dar\u00e1n la vuelta al <a href=\"https:\/\/sertv.gob.pa\/crisolfm\/daran-la-vuelta-al-mundo-en-bici-para-concienciar-sobre-reciclaje\/\"> [&#8230;]<\/a><\/p>\n","protected":false},"author":1,"featured_media":8934,"comment_status":"closed","ping_status":"closed","sticky":false,"template":"","format":"standard","meta":{"footnotes":""},"categories":[7],"tags":[],"class_list":["post-8933","post","type-post","status-publish","format-standard","has-post-thumbnail","hentry","category-ecologicas"],"_links":{"self":[{"href":"https:\/\/sertv.gob.pa\/crisolfm\/wp-json\/wp\/v2\/posts\/8933","targetHints":{"allow":["GET"]}}],"collection":[{"href":"https:\/\/sertv.gob.pa\/crisolfm\/wp-json\/wp\/v2\/posts"}],"about":[{"href":"https:\/\/sertv.gob.pa\/crisolfm\/wp-json\/wp\/v2\/types\/post"}],"author":[{"embeddable":true,"href":"https:\/\/sertv.gob.pa\/crisolfm\/wp-json\/wp\/v2\/users\/1"}],"replies":[{"embeddable":true,"href":"https:\/\/sertv.gob.pa\/crisolfm\/wp-json\/wp\/v2\/comments?post=8933"}],"version-history":[{"count":0,"href":"https:\/\/sertv.gob.pa\/crisolfm\/wp-json\/wp\/v2\/posts\/8933\/revisions"}],"wp:featuredmedia":[{"embeddable":true,"href":"https:\/\/sertv.gob.pa\/crisolfm\/wp-json\/wp\/v2\/media\/8934"}],"wp:attachment":[{"href":"https:\/\/sertv.gob.pa\/crisolfm\/wp-json\/wp\/v2\/media?parent=8933"}],"wp:term":[{"taxonomy":"category","embeddable":true,"href":"https:\/\/sertv.gob.pa\/crisolfm\/wp-json\/wp\/v2\/categories?post=8933"},{"taxonomy":"post_tag","embeddable":true,"href":"https:\/\/sertv.gob.pa\/crisolfm\/wp-json\/wp\/v2\/tags?post=8933"}],"curies":[{"name":"wp","href":"https:\/\/api.w.org\/{rel}","templated":true}]}}