{"id":8941,"date":"2017-08-06T05:00:00","date_gmt":"2017-08-06T05:00:00","guid":{"rendered":""},"modified":"2017-08-06T05:00:00","modified_gmt":"2017-08-06T05:00:00","slug":"a-260-000-personas-matara-el-cambio-climatico-en-2100","status":"publish","type":"post","link":"https:\/\/sertv.gob.pa\/crisolfm\/a-260-000-personas-matara-el-cambio-climatico-en-2100\/","title":{"rendered":"A 260.000 personas matar\u00e1 el cambio clim\u00e1tico en 2100"},"content":{"rendered":"<p>\nUn nuevo estudio de la Universidad de Carolina del Norte en Chapel Hill ha avisado de que el cambio clim\u00e1tico va a incrementar en el futuro las muertes prematuras por contaminaci\u00f3n atmosf\u00e9rica, pronosticando que ser\u00e1 responsable de 60.000 fallecimientos en 2030 y de 260.000 en 2100. <\/p>\n<p>El estudio, publicado en &#8216;Nature Climate Change&#8217;, contribuye a la creciente evidencia cient\u00edfica sobre los efectos negativos para la salud global del cambio clim\u00e1tico. \u00abA medida que el cambio clim\u00e1tico afecta al aumento de la contaminaci\u00f3n, igualmente puede impactar significativamente en la salud de la poblaci\u00f3n\u00bb, han indicado los expertos, recordando los millones de personas que cada a\u00f1o mueren por la contaminaci\u00f3n del aire. <\/p>\n<p>Las temperaturas m\u00e1s altas aceleran las reacciones qu\u00edmicas que provocan contaminantes atmosf\u00e9ricos como, por ejemplo, el ozono o las part\u00edculas finas, las cuales afectan a la salud p\u00fablica. Adem\u00e1s, como los \u00e1rboles responden a temperaturas m\u00e1s altas, tambi\u00e9n emiten m\u00e1s contaminantes org\u00e1nicos. <\/p>\n<p>En este sentido, los expertos utilizaron un conjunto de varios modelos clim\u00e1ticos globales para determinar el n\u00famero de muertes prematuras que se producir\u00edan debido al ozono y a las part\u00edculas contaminantes en los a\u00f1os 2030 y 2100. Para cada modelo, el equipo evalu\u00f3 los cambios proyectados en la contaminaci\u00f3n del aire que podr\u00edan contribuir en el futuro al cambio clim\u00e1tico. Posteriormente, trasladaron estos cambios a la poblaci\u00f3n mundial, explicando el crecimiento de la poblaci\u00f3n y los cambios esperados en la susceptibilidad a la contaminaci\u00f3n atmosf\u00e9rica. <\/p>\n<p>Luego de analizar los datos, los investigadores concluyeron que el cambio clim\u00e1tico podr\u00eda aumentar las muertes relacionadas con la contaminaci\u00f3n en todo el mundo, excepto en \u00c1frica. \u00abNuestro hallazgo de que la mayor\u00eda de los modelos muestran un aumento probable de las muertes es la se\u00f1al m\u00e1s clara de que el cambio clim\u00e1tico ser\u00e1 perjudicial para la calidad del aire y la salud\u00bb, han zanjado los cient\u00edficos. <\/p>\n<p>\u00a0 <\/p>\n<p>\u00a0 <\/p>\n","protected":false},"excerpt":{"rendered":"<p>Un nuevo estudio de la Universidad de Carolina del Norte <a href=\"https:\/\/sertv.gob.pa\/crisolfm\/a-260-000-personas-matara-el-cambio-climatico-en-2100\/\"> [&#8230;]<\/a><\/p>\n","protected":false},"author":1,"featured_media":8942,"comment_status":"closed","ping_status":"closed","sticky":false,"template":"","format":"standard","meta":{"footnotes":""},"categories":[7],"tags":[],"class_list":["post-8941","post","type-post","status-publish","format-standard","has-post-thumbnail","hentry","category-ecologicas"],"_links":{"self":[{"href":"https:\/\/sertv.gob.pa\/crisolfm\/wp-json\/wp\/v2\/posts\/8941","targetHints":{"allow":["GET"]}}],"collection":[{"href":"https:\/\/sertv.gob.pa\/crisolfm\/wp-json\/wp\/v2\/posts"}],"about":[{"href":"https:\/\/sertv.gob.pa\/crisolfm\/wp-json\/wp\/v2\/types\/post"}],"author":[{"embeddable":true,"href":"https:\/\/sertv.gob.pa\/crisolfm\/wp-json\/wp\/v2\/users\/1"}],"replies":[{"embeddable":true,"href":"https:\/\/sertv.gob.pa\/crisolfm\/wp-json\/wp\/v2\/comments?post=8941"}],"version-history":[{"count":0,"href":"https:\/\/sertv.gob.pa\/crisolfm\/wp-json\/wp\/v2\/posts\/8941\/revisions"}],"wp:featuredmedia":[{"embeddable":true,"href":"https:\/\/sertv.gob.pa\/crisolfm\/wp-json\/wp\/v2\/media\/8942"}],"wp:attachment":[{"href":"https:\/\/sertv.gob.pa\/crisolfm\/wp-json\/wp\/v2\/media?parent=8941"}],"wp:term":[{"taxonomy":"category","embeddable":true,"href":"https:\/\/sertv.gob.pa\/crisolfm\/wp-json\/wp\/v2\/categories?post=8941"},{"taxonomy":"post_tag","embeddable":true,"href":"https:\/\/sertv.gob.pa\/crisolfm\/wp-json\/wp\/v2\/tags?post=8941"}],"curies":[{"name":"wp","href":"https:\/\/api.w.org\/{rel}","templated":true}]}}