{"id":8955,"date":"2017-08-07T19:50:56","date_gmt":"2017-08-07T19:50:56","guid":{"rendered":""},"modified":"2017-08-07T19:50:56","modified_gmt":"2017-08-07T19:50:56","slug":"centroamerica-alerta-ante-la-tormenta-franklin","status":"publish","type":"post","link":"https:\/\/sertv.gob.pa\/crisolfm\/centroamerica-alerta-ante-la-tormenta-franklin\/","title":{"rendered":"Centroam\u00e9rica alerta ante la tormenta \u201cFranklin\u201d"},"content":{"rendered":"<p>\nAutoridades de Centroam\u00e9rica alertaron hoy que la tormenta tropical Franklin, la s\u00e9ptima de la temporada de huracanes en el Atl\u00e1ntico, afectar\u00e1 a buena parte de la regi\u00f3n con lluvias de moderadas a fuertes y oleaje. <\/p>\n<p>Franklin se form\u00f3 en el noreste del Caribe frente a la costa hondure\u00f1a, y podr\u00eda alcanzar fuerza de hurac\u00e1n antes de tocar tierra en la pen\u00ednsula de Yucat\u00e1n (M\u00e9xico), inform\u00f3 este lunes el Centro Nacional de Huracanes (NHC) de Estados Unidos. <\/p>\n<p>El fen\u00f3meno se desplaza hacia el oeste-noroeste con una velocidad de traslaci\u00f3n de 13 millas por hora (20 km\/h) y, seg\u00fan un probable patr\u00f3n de trayectoria, el centro de Franklin \u00abpasar\u00e1 hoy bien al norte de Honduras y se aproximar\u00e1 a la costa este del Yucat\u00e1n en la tarde\u00bb, para luego \u00abcruzar la pen\u00ednsula esta noche y el martes\u00bb. <\/p>\n<p>Las autoridades de socorro de Honduras decretaron una alerta preventiva en todo el pa\u00eds que estar\u00e1 vigente al menos 72 horas, y alertaron que se esperan lluvias fuertes en la Isla de Guanaja, en el Caribe hondure\u00f1o. <\/p>\n<p>La estatal Comisi\u00f3n Permanente de Contingencias (Copeco) de Honduras manifest\u00f3 este lunes que prev\u00e9 que el cicl\u00f3n provocar\u00e1 \u00abchubascos y actividad el\u00e9ctrica\u00bb en todo el pa\u00eds Honduras \u00abcon acumulados significativos\u00bb y adem\u00e1s de oleaje en el Caribe. <\/p>\n<p>El organismo de protecci\u00f3n civil advirti\u00f3 a la poblaci\u00f3n del riesgo de cruzar r\u00edos, y solicit\u00f3 a los comit\u00e9s de emergencia municipales y locales \u00abpermanecer atentos\u00bb a los niveles de arroyos y mantener \u00abmonitoreo\u00bb en las zonas vulnerables. <\/p>\n<p>En Costa Rica, el Instituto Meteorol\u00f3gico Nacional (IMN) advirti\u00f3 a la poblaci\u00f3n que las lluvias persistir\u00e1n en el pa\u00eds durante las pr\u00f3ximas horas como efecto indirecto de Franklin. <\/p>\n<p>El organismo record\u00f3 que la \u00abactividad lluviosa fuerte\u00bb inici\u00f3 el pasado fin de semana, y que pronostic\u00f3 que este lunes habr\u00e1 precipitaciones \u00abde variable intensidad, aguaceros con tormenta y eventuales r\u00e1fagas de viento fuertes\u00bb, principalmente en el Pac\u00edfico, en el Valle Central, donde se ubica la capital, y la zona norte del pa\u00eds. <\/p>\n<p>El IMN recomend\u00f3 a la poblaci\u00f3n tomar medidas de precauci\u00f3n en \u00e1reas vulnerables a inundaciones y deslizamientos e inundaciones, y conducir con precauci\u00f3n ante las condiciones adversas en las carreteras. <\/p>\n<p>Por su parte, \u00a0el Instituto Nacional de Sismolog\u00eda, Vulcanolog\u00eda, Meteorolog\u00eda e Hidrolog\u00eda (Insivumeh) de Guatemala expres\u00f3 este lunes que Franklin provocar\u00e1 lluvias indirectas en el pa\u00eds en su paso hacia territorio mexicano. <\/p>\n<p>Las lluvias se esperan para el Caribe, la Franja Transversal del Norte y algunos regiones del sur, se\u00f1al\u00f3 el Insivumeh, que junto a la Coordinadora Nacional para la Reducci\u00f3n de Desastres (Conred) vigilan el movimiento de la tormenta tropical para alertar a las autoridades departamentales y municipales de cualquier cambio de su trayectoria <\/p>\n<p>En El Salvador el Ministerio de Medio Ambiente y Recursos Naturales alert\u00f3 que lluvias de moderadas a intensas y olas \u00abm\u00e1s r\u00e1pidas y altas\u00bb afectar\u00e1n el territorio y el litoral salvadore\u00f1o a partir de este lunes a causa de Franklin. Agreg\u00f3 que el oleaje en las playas del pa\u00eds centroamericano se extender\u00e1 hasta el pr\u00f3ximo 10 de agosto. <\/p>\n<p>El Instituto Nicarag\u00fcense de Estudios Territoriales (Ineter) dijo por su lado que no espera grandes efectos derivados de Franklin debido a que la tormenta cada vez se aleja m\u00e1s del pa\u00eds y se aproxima a Belice y la Pen\u00ednsula de Yucat\u00e1n, al sureste de M\u00e9xico. <\/p>\n<p>Lo que podr\u00eda percibir Nicaragua de Franklin son \u00ablluvias fuertes, sobre todo en el extremo noreste\u00bb, expres\u00f3 el jefe de Meteorolog\u00eda del Ineter, Marcio Baca, a trav\u00e9s de medios del Gobierno.\u00a0 <\/p>\n<p>\u00a0 <\/p>\n","protected":false},"excerpt":{"rendered":"<p>Autoridades de Centroam\u00e9rica alertaron hoy que la tormenta tropical Franklin, <a href=\"https:\/\/sertv.gob.pa\/crisolfm\/centroamerica-alerta-ante-la-tormenta-franklin\/\"> [&#8230;]<\/a><\/p>\n","protected":false},"author":1,"featured_media":8956,"comment_status":"closed","ping_status":"closed","sticky":false,"template":"","format":"standard","meta":{"footnotes":""},"categories":[7],"tags":[],"class_list":["post-8955","post","type-post","status-publish","format-standard","has-post-thumbnail","hentry","category-ecologicas"],"_links":{"self":[{"href":"https:\/\/sertv.gob.pa\/crisolfm\/wp-json\/wp\/v2\/posts\/8955","targetHints":{"allow":["GET"]}}],"collection":[{"href":"https:\/\/sertv.gob.pa\/crisolfm\/wp-json\/wp\/v2\/posts"}],"about":[{"href":"https:\/\/sertv.gob.pa\/crisolfm\/wp-json\/wp\/v2\/types\/post"}],"author":[{"embeddable":true,"href":"https:\/\/sertv.gob.pa\/crisolfm\/wp-json\/wp\/v2\/users\/1"}],"replies":[{"embeddable":true,"href":"https:\/\/sertv.gob.pa\/crisolfm\/wp-json\/wp\/v2\/comments?post=8955"}],"version-history":[{"count":0,"href":"https:\/\/sertv.gob.pa\/crisolfm\/wp-json\/wp\/v2\/posts\/8955\/revisions"}],"wp:featuredmedia":[{"embeddable":true,"href":"https:\/\/sertv.gob.pa\/crisolfm\/wp-json\/wp\/v2\/media\/8956"}],"wp:attachment":[{"href":"https:\/\/sertv.gob.pa\/crisolfm\/wp-json\/wp\/v2\/media?parent=8955"}],"wp:term":[{"taxonomy":"category","embeddable":true,"href":"https:\/\/sertv.gob.pa\/crisolfm\/wp-json\/wp\/v2\/categories?post=8955"},{"taxonomy":"post_tag","embeddable":true,"href":"https:\/\/sertv.gob.pa\/crisolfm\/wp-json\/wp\/v2\/tags?post=8955"}],"curies":[{"name":"wp","href":"https:\/\/api.w.org\/{rel}","templated":true}]}}