{"id":8959,"date":"2017-08-08T15:12:32","date_gmt":"2017-08-08T15:12:32","guid":{"rendered":""},"modified":"2017-08-08T15:12:32","modified_gmt":"2017-08-08T15:12:32","slug":"tormenta-franklin-avanza-por-la-peninsula-de-yucatan","status":"publish","type":"post","link":"https:\/\/sertv.gob.pa\/crisolfm\/tormenta-franklin-avanza-por-la-peninsula-de-yucatan\/","title":{"rendered":"Tormenta Franklin avanza por la Pen\u00ednsula de Yucat\u00e1n"},"content":{"rendered":"<p>\nLa tormenta tropical Franklin, que toc\u00f3 tierra anoche en la parte suroriental de la Pen\u00ednsula de Yucat\u00e1n (M\u00e9xico), no ha ocasionado v\u00edctimas mortales hasta el momento, inform\u00f3 hoy el gobernador del estado de Quintana Roo, Carlos Joaqu\u00edn. <\/p>\n<p>\u00abToc\u00f3 tierra anoche la tormenta tropical y afortunadamente no hemos tenido ning\u00fan reporte de alguna problem\u00e1tica o alg\u00fan accidente derivado de la misma tormenta\u00bb, se\u00f1al\u00f3 el mandatario estatal en declaraciones a Radio F\u00f3rmula. <\/p>\n<p>Franklin impact\u00f3 en la noche del lunes en la zona suroriental del estado mexicano de Quintana Roo y avanza debilitado en direcci\u00f3n oeste-noroeste con una velocidad de traslaci\u00f3n de 14 millas por hora (22 kil\u00f3metros por hora), indic\u00f3 el Centro Nacional de Huracanes (NHC) en su bolet\u00edn m\u00e1s reciente. <\/p>\n<p>Joaqu\u00edn manifest\u00f3 que el cicl\u00f3n, la s\u00e9ptima tormenta tropical del a\u00f1o, se encuentra sobre el municipio de Felipe Carrillo Puerto, en el centro de Quintana Roo. \u00abSigue su camino y afortunadamente con saldo blanco hasta el momento. <\/p>\n<p>Estamos atentos a cualquier situaci\u00f3n que pueda darse por esta tormenta\u00bb, a\u00f1adi\u00f3. Afirm\u00f3 que el cicl\u00f3n ha tra\u00eddo fuertes lluvias a la regi\u00f3n, con r\u00e1fagas de viento, aunque sin \u00abning\u00fan problema mayor\u00bb. <\/p>\n<p>La s\u00e9ptima tormenta tropical del a\u00f1o en el Atl\u00e1ntico presenta vientos m\u00e1ximos sostenidos de 72 kil\u00f3metros por hora y se halla a 136 kil\u00f3metros al noroeste de Chetumal (M\u00e9xico) y a 152 kil\u00f3metros al este-sureste de Campeche. <\/p>\n<p>Los meteor\u00f3logos prev\u00e9n que el centro de Franklin siga desplaz\u00e1ndose hoy a trav\u00e9s de la pen\u00ednsula yucateca y emerja en la Bah\u00eda de Campeche hacia esta tarde o noche. <\/p>\n<p>Durante su paso por la pen\u00ednsula de Yucat\u00e1n se espera que el sistema pierda fuerza y que se intensifique esta noche y el mi\u00e9rcoles ya en aguas de la Bah\u00eda de Campeche. <\/p>\n<p>\u00a0 <\/p>\n","protected":false},"excerpt":{"rendered":"<p>La tormenta tropical Franklin, que toc\u00f3 tierra anoche en la <a href=\"https:\/\/sertv.gob.pa\/crisolfm\/tormenta-franklin-avanza-por-la-peninsula-de-yucatan\/\"> [&#8230;]<\/a><\/p>\n","protected":false},"author":1,"featured_media":8960,"comment_status":"closed","ping_status":"closed","sticky":false,"template":"","format":"standard","meta":{"footnotes":""},"categories":[7],"tags":[],"class_list":["post-8959","post","type-post","status-publish","format-standard","has-post-thumbnail","hentry","category-ecologicas"],"_links":{"self":[{"href":"https:\/\/sertv.gob.pa\/crisolfm\/wp-json\/wp\/v2\/posts\/8959","targetHints":{"allow":["GET"]}}],"collection":[{"href":"https:\/\/sertv.gob.pa\/crisolfm\/wp-json\/wp\/v2\/posts"}],"about":[{"href":"https:\/\/sertv.gob.pa\/crisolfm\/wp-json\/wp\/v2\/types\/post"}],"author":[{"embeddable":true,"href":"https:\/\/sertv.gob.pa\/crisolfm\/wp-json\/wp\/v2\/users\/1"}],"replies":[{"embeddable":true,"href":"https:\/\/sertv.gob.pa\/crisolfm\/wp-json\/wp\/v2\/comments?post=8959"}],"version-history":[{"count":0,"href":"https:\/\/sertv.gob.pa\/crisolfm\/wp-json\/wp\/v2\/posts\/8959\/revisions"}],"wp:featuredmedia":[{"embeddable":true,"href":"https:\/\/sertv.gob.pa\/crisolfm\/wp-json\/wp\/v2\/media\/8960"}],"wp:attachment":[{"href":"https:\/\/sertv.gob.pa\/crisolfm\/wp-json\/wp\/v2\/media?parent=8959"}],"wp:term":[{"taxonomy":"category","embeddable":true,"href":"https:\/\/sertv.gob.pa\/crisolfm\/wp-json\/wp\/v2\/categories?post=8959"},{"taxonomy":"post_tag","embeddable":true,"href":"https:\/\/sertv.gob.pa\/crisolfm\/wp-json\/wp\/v2\/tags?post=8959"}],"curies":[{"name":"wp","href":"https:\/\/api.w.org\/{rel}","templated":true}]}}