{"id":8979,"date":"2017-08-09T16:24:44","date_gmt":"2017-08-09T16:24:44","guid":{"rendered":""},"modified":"2017-08-09T16:24:44","modified_gmt":"2017-08-09T16:24:44","slug":"incentivos-fiscales-para-programa-millon-de-hectareas-reforestadas","status":"publish","type":"post","link":"https:\/\/sertv.gob.pa\/crisolfm\/incentivos-fiscales-para-programa-millon-de-hectareas-reforestadas\/","title":{"rendered":"Incentivos fiscales para programa Mill\u00f3n de Hect\u00e1reas Reforestadas"},"content":{"rendered":"<p>\nEste lunes, el pleno de la Asamblea Nacional aprob\u00f3 en tercer debate extender el programa de incentivos fiscales, con el prop\u00f3sito de cumplir los objetivos de la Alianza por el Mill\u00f3n de Hect\u00e1reas Reforestadas y los Objetivos de Desarrollo Sostenible 2030. <\/p>\n<p>El Proyecto de Ley 469, que crea un programa de incentivos para la cobertura forestal y la conservaci\u00f3n de los bosques naturales, beneficiar\u00e1 las siguientes actividades: conservaci\u00f3n de bosques naturales, regeneraci\u00f3n natural asistida, restauraci\u00f3n de bosques naturales, sistemas agroforestales, manejo forestal sostenible de bosques naturales, plantaciones forestales comerciales, procesamiento de productos forestales maderables y no maderables, viveros, investigaci\u00f3n, desarrollo e innovaci\u00f3n forestal. <\/p>\n<p>Los incentivos se refieren a la exoneraci\u00f3n del impuesto sobre la renta, del impuesto de inmuebles, del impuesto de transferencia de bienes inmuebles, del impuesto de introducci\u00f3n y el financiamiento directo no reembolsable. <\/p>\n<p>Esta propuesta, contenida en el Proyecto de Ley 469, promulga por la mejor relaci\u00f3n del hombre con el medio ambiente considerando que, seg\u00fan el Banco Mundial, una quinta parte de la poblaci\u00f3n mundial, unos mil 300 millones, dependen de los bosques para obtener empleo, productos forestales, medio de subsistencia e ingresos. <\/p>\n<p>De acuerdo con la exposici\u00f3n del diputado Luis Barr\u00eda, quien ejerci\u00f3 en el periodo pasado la presidencia de la Comisi\u00f3n de Ambiente, dicha normativa amplia la protecci\u00f3n legal de las empresas, personas, comunidades, cooperativas y asociaciones de campesinos que desarrollan actividades forestales. <\/p>\n<p>La sociedad civil y el sector privado lanzaron la iniciativa Alianza por el Mill\u00f3n de Hect\u00e1reas Reforestadas, la cual tiene como objetivo principal recuperar y conservar un mill\u00f3n de hect\u00e1reas de tierras degradadas en Panam\u00e1. <\/p>\n<p>\u00a0 <\/p>\n<p>\u00a0 <\/p>\n","protected":false},"excerpt":{"rendered":"<p>Este lunes, el pleno de la Asamblea Nacional aprob\u00f3 en <a href=\"https:\/\/sertv.gob.pa\/crisolfm\/incentivos-fiscales-para-programa-millon-de-hectareas-reforestadas\/\"> [&#8230;]<\/a><\/p>\n","protected":false},"author":1,"featured_media":8980,"comment_status":"closed","ping_status":"closed","sticky":false,"template":"","format":"standard","meta":{"footnotes":""},"categories":[7],"tags":[],"class_list":["post-8979","post","type-post","status-publish","format-standard","has-post-thumbnail","hentry","category-ecologicas"],"_links":{"self":[{"href":"https:\/\/sertv.gob.pa\/crisolfm\/wp-json\/wp\/v2\/posts\/8979","targetHints":{"allow":["GET"]}}],"collection":[{"href":"https:\/\/sertv.gob.pa\/crisolfm\/wp-json\/wp\/v2\/posts"}],"about":[{"href":"https:\/\/sertv.gob.pa\/crisolfm\/wp-json\/wp\/v2\/types\/post"}],"author":[{"embeddable":true,"href":"https:\/\/sertv.gob.pa\/crisolfm\/wp-json\/wp\/v2\/users\/1"}],"replies":[{"embeddable":true,"href":"https:\/\/sertv.gob.pa\/crisolfm\/wp-json\/wp\/v2\/comments?post=8979"}],"version-history":[{"count":0,"href":"https:\/\/sertv.gob.pa\/crisolfm\/wp-json\/wp\/v2\/posts\/8979\/revisions"}],"wp:featuredmedia":[{"embeddable":true,"href":"https:\/\/sertv.gob.pa\/crisolfm\/wp-json\/wp\/v2\/media\/8980"}],"wp:attachment":[{"href":"https:\/\/sertv.gob.pa\/crisolfm\/wp-json\/wp\/v2\/media?parent=8979"}],"wp:term":[{"taxonomy":"category","embeddable":true,"href":"https:\/\/sertv.gob.pa\/crisolfm\/wp-json\/wp\/v2\/categories?post=8979"},{"taxonomy":"post_tag","embeddable":true,"href":"https:\/\/sertv.gob.pa\/crisolfm\/wp-json\/wp\/v2\/tags?post=8979"}],"curies":[{"name":"wp","href":"https:\/\/api.w.org\/{rel}","templated":true}]}}