{"id":8981,"date":"2017-08-09T18:52:02","date_gmt":"2017-08-09T18:52:02","guid":{"rendered":""},"modified":"2017-08-09T18:52:02","modified_gmt":"2017-08-09T18:52:02","slug":"aumento-drastico-de-temperaturas-promedio-en-ee-uu","status":"publish","type":"post","link":"https:\/\/sertv.gob.pa\/crisolfm\/aumento-drastico-de-temperaturas-promedio-en-ee-uu\/","title":{"rendered":"Aumento dr\u00e1stico de temperaturas promedio en EE.UU"},"content":{"rendered":"<p>\nLas temperaturas promedio aumentan dr\u00e1stica y r\u00e1pidamente en Estados Unidos, y las \u00faltimas d\u00e9cadas han sido las m\u00e1s c\u00e1lidas en 1.500 a\u00f1os, seg\u00fan un informe del gobierno federal citado por The New York Times. <\/p>\n<p>\u00abLos estadounidenses est\u00e1n sintiendo ahora los efectos del cambio clim\u00e1tico\u00bb, indica el documento,  elaborado por 13 agencias  pero que a\u00fan no ha sido publicado ni aprobado por la administraci\u00f3n del presidente Donald Trump.\u00a0 <\/p>\n<p>El informe \u00bb contradice directamente afirmaciones del presidente Trump  y miembros de su gabinete seg\u00fan los cuales la contribuci\u00f3n humana al cambio clim\u00e1tico es incierta y la capacidad de predecir sus efectos es limitada\u00bb, expres\u00f3 el Times.\u00a0 <\/p>\n<p>Un documento es realizado cada 4 a\u00f1os co mo parte de una evaluaci\u00f3n clim\u00e1tica a nivel nacional . El texto fue firmado por la Academia Nacional de Ciencias. \u00abLo que el clima cambie en el futuro depender\u00e1 de las emisiones que se realicen y de la sensibilidad del sistema clim\u00e1tico a esas emisiones\u00bb, se\u00f1ala el texto, seg\u00fan el Times.\u00a0 <\/p>\n<p>Estados Unidos anunci\u00f3 el viernes que seguir\u00e1 participando en las negociaciones internacionales sobre cambio clim\u00e1tico con el objetivo de proteger sus intereses, a pesar de su previsto retiro del acuerdo de Par\u00eds de 2015 sobre calentamiento global. <\/p>\n<p>Washington participar\u00e1 as\u00ed en la pr\u00f3xima conferencia anual de\u00a0 cambio \u00a0 clim\u00e1tico \u00a0 de la ONU, la COP23 , que se llevar\u00e1 a cabo en noviembre en Bonn, Alemania. De acuerdo con el Departamento de Estado, \u00abesta participaci\u00f3n incluir\u00e1 las negociaciones en curso sobre las l\u00edneas directrices para poner en marcha el Acuerdo de Par\u00eds\u00bb. <\/p>\n<p>\u00abEstados Unidos puede comprometerse de manera constructiva en estas negociaciones\u00bb, pero \u00abun actor solitario decidido a retirarse del acuerdo de Par\u00eds no ser\u00e1 escuchado si pretende debilitar o socavar el acuerdo\u00bb, advirti\u00f3 Andrew Steer, presidente de la organizaci\u00f3n internacional World Resources Institute. <\/p>\n<p>\u00a0 <\/p>\n<p>\u00a0 <\/p>\n","protected":false},"excerpt":{"rendered":"<p>Las temperaturas promedio aumentan dr\u00e1stica y r\u00e1pidamente en Estados Unidos, <a href=\"https:\/\/sertv.gob.pa\/crisolfm\/aumento-drastico-de-temperaturas-promedio-en-ee-uu\/\"> [&#8230;]<\/a><\/p>\n","protected":false},"author":1,"featured_media":8982,"comment_status":"closed","ping_status":"closed","sticky":false,"template":"","format":"standard","meta":{"footnotes":""},"categories":[7],"tags":[],"class_list":["post-8981","post","type-post","status-publish","format-standard","has-post-thumbnail","hentry","category-ecologicas"],"_links":{"self":[{"href":"https:\/\/sertv.gob.pa\/crisolfm\/wp-json\/wp\/v2\/posts\/8981","targetHints":{"allow":["GET"]}}],"collection":[{"href":"https:\/\/sertv.gob.pa\/crisolfm\/wp-json\/wp\/v2\/posts"}],"about":[{"href":"https:\/\/sertv.gob.pa\/crisolfm\/wp-json\/wp\/v2\/types\/post"}],"author":[{"embeddable":true,"href":"https:\/\/sertv.gob.pa\/crisolfm\/wp-json\/wp\/v2\/users\/1"}],"replies":[{"embeddable":true,"href":"https:\/\/sertv.gob.pa\/crisolfm\/wp-json\/wp\/v2\/comments?post=8981"}],"version-history":[{"count":0,"href":"https:\/\/sertv.gob.pa\/crisolfm\/wp-json\/wp\/v2\/posts\/8981\/revisions"}],"wp:featuredmedia":[{"embeddable":true,"href":"https:\/\/sertv.gob.pa\/crisolfm\/wp-json\/wp\/v2\/media\/8982"}],"wp:attachment":[{"href":"https:\/\/sertv.gob.pa\/crisolfm\/wp-json\/wp\/v2\/media?parent=8981"}],"wp:term":[{"taxonomy":"category","embeddable":true,"href":"https:\/\/sertv.gob.pa\/crisolfm\/wp-json\/wp\/v2\/categories?post=8981"},{"taxonomy":"post_tag","embeddable":true,"href":"https:\/\/sertv.gob.pa\/crisolfm\/wp-json\/wp\/v2\/tags?post=8981"}],"curies":[{"name":"wp","href":"https:\/\/api.w.org\/{rel}","templated":true}]}}