{"id":9015,"date":"2017-08-11T19:56:25","date_gmt":"2017-08-11T19:56:25","guid":{"rendered":""},"modified":"2017-08-11T19:56:25","modified_gmt":"2017-08-11T19:56:25","slug":"ballena-regresa-al-mar-luego-de-rehabilitacion","status":"publish","type":"post","link":"https:\/\/sertv.gob.pa\/crisolfm\/ballena-regresa-al-mar-luego-de-rehabilitacion\/","title":{"rendered":"Ballena regresa al mar luego de rehabilitaci\u00f3n"},"content":{"rendered":"<p>\nUna   ballena   piloto ha regresado al mar despu\u00e9s de una extensa rehabilitaci\u00f3n en el parque de SeaWorld en Orlando. <\/p>\n<p>SeaWorld expres\u00f3 en un comunicado que el cet\u00e1ceo de 328 kilos fue devuelto al mar el martes a 225 kil\u00f3metros de la costa occidental de Florida. <\/p>\n<p>La ballena hab\u00eda   encallado   en la arena el 1 de julio en el norte de Florida. Rescatistas de la Universidad de Florida y el acuario marino Clearwater la llevaron a SeaWorld. <\/p>\n<p>Funcionarios de SeaWorld manifestaron que la ballena respondi\u00f3 r\u00e1pidamente al tratamiento. Se elabor\u00f3 un plan para regresarla al mar cerca de un h\u00e1bitat de ballenas piloto. <\/p>\n<p>La goleta Joshua Appleby de los guardacostas la transport\u00f3 hasta el sitio. <\/p>\n<p>Se le coloc\u00f3 un transmisor con enlace satelital que permitir\u00e1 seguir sus movimientos. <\/p>\n<p>\u00a0 <\/p>\n","protected":false},"excerpt":{"rendered":"<p>Una ballena piloto ha regresado al mar despu\u00e9s de una <a href=\"https:\/\/sertv.gob.pa\/crisolfm\/ballena-regresa-al-mar-luego-de-rehabilitacion\/\"> [&#8230;]<\/a><\/p>\n","protected":false},"author":1,"featured_media":9016,"comment_status":"closed","ping_status":"closed","sticky":false,"template":"","format":"standard","meta":{"footnotes":""},"categories":[7],"tags":[],"class_list":["post-9015","post","type-post","status-publish","format-standard","has-post-thumbnail","hentry","category-ecologicas"],"_links":{"self":[{"href":"https:\/\/sertv.gob.pa\/crisolfm\/wp-json\/wp\/v2\/posts\/9015","targetHints":{"allow":["GET"]}}],"collection":[{"href":"https:\/\/sertv.gob.pa\/crisolfm\/wp-json\/wp\/v2\/posts"}],"about":[{"href":"https:\/\/sertv.gob.pa\/crisolfm\/wp-json\/wp\/v2\/types\/post"}],"author":[{"embeddable":true,"href":"https:\/\/sertv.gob.pa\/crisolfm\/wp-json\/wp\/v2\/users\/1"}],"replies":[{"embeddable":true,"href":"https:\/\/sertv.gob.pa\/crisolfm\/wp-json\/wp\/v2\/comments?post=9015"}],"version-history":[{"count":0,"href":"https:\/\/sertv.gob.pa\/crisolfm\/wp-json\/wp\/v2\/posts\/9015\/revisions"}],"wp:featuredmedia":[{"embeddable":true,"href":"https:\/\/sertv.gob.pa\/crisolfm\/wp-json\/wp\/v2\/media\/9016"}],"wp:attachment":[{"href":"https:\/\/sertv.gob.pa\/crisolfm\/wp-json\/wp\/v2\/media?parent=9015"}],"wp:term":[{"taxonomy":"category","embeddable":true,"href":"https:\/\/sertv.gob.pa\/crisolfm\/wp-json\/wp\/v2\/categories?post=9015"},{"taxonomy":"post_tag","embeddable":true,"href":"https:\/\/sertv.gob.pa\/crisolfm\/wp-json\/wp\/v2\/tags?post=9015"}],"curies":[{"name":"wp","href":"https:\/\/api.w.org\/{rel}","templated":true}]}}