{"id":9057,"date":"2017-08-17T21:23:15","date_gmt":"2017-08-17T21:23:15","guid":{"rendered":""},"modified":"2017-08-17T21:23:15","modified_gmt":"2017-08-17T21:23:15","slug":"la-limpieza-de-playas-sera-el-proximo-17-de-septiembre","status":"publish","type":"post","link":"https:\/\/sertv.gob.pa\/crisolfm\/la-limpieza-de-playas-sera-el-proximo-17-de-septiembre\/","title":{"rendered":"La limpieza de playas ser\u00e1 el pr\u00f3ximo 17 de septiembre"},"content":{"rendered":"<p>\nEl domingo 17 de septiembre se efectuar\u00e1 la limpieza de playas, y este a\u00f1o Panam\u00e1 se suma una vez m\u00e1s a la jornada global, anunciaron en conferencia de prensa los organizadores. <\/p>\n<p>Este a\u00f1o, bajo el lema &lsquo;La salud de los oc\u00e9anos depende de ti&#8217;, al igual que en muchos pa\u00edses, en Panam\u00e1 se realizar\u00e1n diversas actividades de limpieza y como novedad se contempla la recolecci\u00f3n submarina de desechos. <\/p>\n<p>La iniciativa es organizada por la Asociaci\u00f3n Nacional para la Conservaci\u00f3n de la Naturaleza (Ancon), la Asociaci\u00f3n Panam\u00e1 Verde, la Fundaci\u00f3n para la Protecci\u00f3n del Mar (Promar) y la Sociedad Audubon Panam\u00e1, con el apoyo de entidades p\u00fablicas y privadas. <\/p>\n<p>La Autoridad de Aseo Urbano y Domiciliario (AAUD), por ejemplo, anunci\u00f3 que esta vez participar\u00e1 con equipo rodante y recurso humano. <\/p>\n<p>El subadministrador de la AAUD, Dem\u00f3stenes Ducl\u00edas, reiter\u00f3 el apoyo a la jornada de limpieza, al tiempo que hizo un llamado para que estas acciones sean difundidas por las redes sociales &lsquo;y se conviertan en virales, doblar esfuerzos y llegar a m\u00e1s personas&#8217; a trav\u00e9s de las herramientas tecnol\u00f3gicas. <\/p>\n<p>Asimismo, resalt\u00f3 la importancia de crear conciencia sobre caracterizaci\u00f3n de desechos para encaminar las pol\u00edticas con el prop\u00f3sito de mejorar el manejo de los residuos. <\/p>\n<p>Desde hace 26 a\u00f1os, Panam\u00e1 apoya esta iniciativa con aproximadamente 7,000 voluntarios en jornadas organizadas en m\u00e1s de 50 playas del pa\u00eds. <\/p>\n<p>\u00a0 <\/p>\n<p>\u00a0 <\/p>\n","protected":false},"excerpt":{"rendered":"<p>El domingo 17 de septiembre se efectuar\u00e1 la limpieza de <a href=\"https:\/\/sertv.gob.pa\/crisolfm\/la-limpieza-de-playas-sera-el-proximo-17-de-septiembre\/\"> [&#8230;]<\/a><\/p>\n","protected":false},"author":1,"featured_media":9058,"comment_status":"closed","ping_status":"closed","sticky":false,"template":"","format":"standard","meta":{"footnotes":""},"categories":[7],"tags":[],"class_list":["post-9057","post","type-post","status-publish","format-standard","has-post-thumbnail","hentry","category-ecologicas"],"_links":{"self":[{"href":"https:\/\/sertv.gob.pa\/crisolfm\/wp-json\/wp\/v2\/posts\/9057","targetHints":{"allow":["GET"]}}],"collection":[{"href":"https:\/\/sertv.gob.pa\/crisolfm\/wp-json\/wp\/v2\/posts"}],"about":[{"href":"https:\/\/sertv.gob.pa\/crisolfm\/wp-json\/wp\/v2\/types\/post"}],"author":[{"embeddable":true,"href":"https:\/\/sertv.gob.pa\/crisolfm\/wp-json\/wp\/v2\/users\/1"}],"replies":[{"embeddable":true,"href":"https:\/\/sertv.gob.pa\/crisolfm\/wp-json\/wp\/v2\/comments?post=9057"}],"version-history":[{"count":0,"href":"https:\/\/sertv.gob.pa\/crisolfm\/wp-json\/wp\/v2\/posts\/9057\/revisions"}],"wp:featuredmedia":[{"embeddable":true,"href":"https:\/\/sertv.gob.pa\/crisolfm\/wp-json\/wp\/v2\/media\/9058"}],"wp:attachment":[{"href":"https:\/\/sertv.gob.pa\/crisolfm\/wp-json\/wp\/v2\/media?parent=9057"}],"wp:term":[{"taxonomy":"category","embeddable":true,"href":"https:\/\/sertv.gob.pa\/crisolfm\/wp-json\/wp\/v2\/categories?post=9057"},{"taxonomy":"post_tag","embeddable":true,"href":"https:\/\/sertv.gob.pa\/crisolfm\/wp-json\/wp\/v2\/tags?post=9057"}],"curies":[{"name":"wp","href":"https:\/\/api.w.org\/{rel}","templated":true}]}}