{"id":9111,"date":"2017-08-22T21:50:50","date_gmt":"2017-08-22T21:50:50","guid":{"rendered":""},"modified":"2017-08-22T21:50:50","modified_gmt":"2017-08-22T21:50:50","slug":"primer-foro-del-consejo-mundial-de-energia-en-centroamerica","status":"publish","type":"post","link":"https:\/\/sertv.gob.pa\/crisolfm\/primer-foro-del-consejo-mundial-de-energia-en-centroamerica\/","title":{"rendered":"Primer foro del Consejo Mundial de Energ\u00eda en Centroam\u00e9rica"},"content":{"rendered":"<p>\nPanam\u00e1 acogi\u00f3 hoy el primer foro en Centroam\u00e9rica del Consejo Mundial de Energ\u00eda (World Energy Council), como parte del organismo, considerado la principal red imparcial de l\u00edderes y profesionales de la energ\u00eda acreditada por las Naciones Unidas. <\/p>\n<p>Durante el foro &ldquo;Panam\u00e1 ante el Trilema Energ\u00e9tico: Seguridad, Sostenibilidad y Equidad&rdquo;, el presidente para Panam\u00e1 ante el Consejo Mundial de Energ\u00eda, Samuel Urrutia, manifest\u00f3 que con el Comit\u00e9 Nacional del Consejo Mundial de Energ\u00eda este pa\u00eds se ver\u00e1 beneficiado con las mejores pr\u00e1cticas y conocimientos sobre tendencias del sector energ\u00e9tico global y tecnolog\u00edas para estar a la vanguardia. <\/p>\n<p>Urrutia agreg\u00f3, adem\u00e1s, que como parte de esta red, este pa\u00eds podr\u00e1 participar activamente en proyectos de integraci\u00f3n energ\u00e9tica que permitan un mayor desarrollo en los pa\u00edses de la regi\u00f3n. <\/p>\n<p>El Comit\u00e9 de Panam\u00e1 con ayuda del Consejo Mundial de Energ\u00eda tiene como prop\u00f3sito desarrollar acciones que permitan efectuar estudios y ejecuci\u00f3n de proyectos encaminados principalmente al buen uso de los recursos energ\u00e9ticos en todos sus aspectos, indic\u00f3 la red en un comunicado. <\/p>\n<p>As\u00ed como igualmente promover el desarrollo sostenible, considerando los aspectos de producci\u00f3n, transporte, distribuci\u00f3n, comercializaci\u00f3n y utilizaci\u00f3n de la energ\u00eda para conseguir un m\u00e1ximo beneficio general, tomando en consideraci\u00f3n las tendencias mundiales en materia y reducci\u00f3n de impactos sobre el medio ambiente. <\/p>\n<p>Para la creaci\u00f3n del comit\u00e9 se tiene una agenda a corto plazo con cuatro comisiones de trabajo para abordar temas como: movilidad, hidrocarburos, generaci\u00f3n fotovoltaica, e\u00f3lica, costo del petr\u00f3leo y sus derivados y las normas y reglamentaci\u00f3n medio ambientales. <\/p>\n<p>Tambi\u00e9n se conversar\u00e1n temas relacionados a las tarifas adecuadas para la sostenibilidad y asequibles para toda la poblaci\u00f3n. <\/p>\n<p>&ldquo;Con el Gobierno de Panam\u00e1 y sus l\u00edderes energ\u00e9ticos impulsando este cap\u00edtulo, y uni\u00e9ndose a la plataforma de pr\u00e1cticas compartidas, estoy seguro que veremos enfoques y pol\u00edticas innovadoras que pueden beneficiar al pa\u00eds, a toda la regi\u00f3n latinoamericana y a la comunidad energ\u00e9tica global&rdquo;, expres\u00f3 el secretario General del Consejo Mundial de Energ\u00eda, Christoph Frei. <\/p>\n<p>El Consejo Mundial de Energ\u00eda (World Energy Council) representa la totalidad del espectro energ\u00e9tico con organizaciones miembro en m\u00e1s de 90 pa\u00edses. <\/p>\n<p>Con la creaci\u00f3n del comit\u00e9, Panam\u00e1 se convierte en el primer pa\u00eds centroamericano en conformar e un comit\u00e9 nacional en el Consejo Mundial de Energ\u00eda. <\/p>\n<p>En la directiva, la conforman \u00a0representantes del sector energ\u00e9tico, gremios, universidades y entidades gubernamentales. <\/p>\n<p>\u00a0 <\/p>\n","protected":false},"excerpt":{"rendered":"<p>Panam\u00e1 acogi\u00f3 hoy el primer foro en Centroam\u00e9rica del Consejo <a href=\"https:\/\/sertv.gob.pa\/crisolfm\/primer-foro-del-consejo-mundial-de-energia-en-centroamerica\/\"> [&#8230;]<\/a><\/p>\n","protected":false},"author":1,"featured_media":9112,"comment_status":"closed","ping_status":"closed","sticky":false,"template":"","format":"standard","meta":{"footnotes":""},"categories":[7],"tags":[],"class_list":["post-9111","post","type-post","status-publish","format-standard","has-post-thumbnail","hentry","category-ecologicas"],"_links":{"self":[{"href":"https:\/\/sertv.gob.pa\/crisolfm\/wp-json\/wp\/v2\/posts\/9111","targetHints":{"allow":["GET"]}}],"collection":[{"href":"https:\/\/sertv.gob.pa\/crisolfm\/wp-json\/wp\/v2\/posts"}],"about":[{"href":"https:\/\/sertv.gob.pa\/crisolfm\/wp-json\/wp\/v2\/types\/post"}],"author":[{"embeddable":true,"href":"https:\/\/sertv.gob.pa\/crisolfm\/wp-json\/wp\/v2\/users\/1"}],"replies":[{"embeddable":true,"href":"https:\/\/sertv.gob.pa\/crisolfm\/wp-json\/wp\/v2\/comments?post=9111"}],"version-history":[{"count":0,"href":"https:\/\/sertv.gob.pa\/crisolfm\/wp-json\/wp\/v2\/posts\/9111\/revisions"}],"wp:featuredmedia":[{"embeddable":true,"href":"https:\/\/sertv.gob.pa\/crisolfm\/wp-json\/wp\/v2\/media\/9112"}],"wp:attachment":[{"href":"https:\/\/sertv.gob.pa\/crisolfm\/wp-json\/wp\/v2\/media?parent=9111"}],"wp:term":[{"taxonomy":"category","embeddable":true,"href":"https:\/\/sertv.gob.pa\/crisolfm\/wp-json\/wp\/v2\/categories?post=9111"},{"taxonomy":"post_tag","embeddable":true,"href":"https:\/\/sertv.gob.pa\/crisolfm\/wp-json\/wp\/v2\/tags?post=9111"}],"curies":[{"name":"wp","href":"https:\/\/api.w.org\/{rel}","templated":true}]}}