{"id":9117,"date":"2017-08-23T19:42:14","date_gmt":"2017-08-23T19:42:14","guid":{"rendered":""},"modified":"2017-08-23T19:42:14","modified_gmt":"2017-08-23T19:42:14","slug":"mal-tiempo-por-el-paso-de-onda-tropical-advierte-etesa","status":"publish","type":"post","link":"https:\/\/sertv.gob.pa\/crisolfm\/mal-tiempo-por-el-paso-de-onda-tropical-advierte-etesa\/","title":{"rendered":"Mal tiempo por el paso de onda tropical, advierte Etesa"},"content":{"rendered":"<p>\nLa Empresa de Transmisi\u00f3n El\u00e9ctrica (Etesa) emiti\u00f3 un aviso de prevenci\u00f3n hasta las 6:00 p.m. de este mi\u00e9rcoles por el paso de una onda tropical. <\/p>\n<p>Seg\u00fan Etesa durante el paso de la onda tropical se pueden registrar lluvias y tormentas el\u00e9ctricas que se ir\u00e1n desplazando desde la frontera con Colombia hacia el centro y occidente del pa\u00eds, y estas pueden ocasionar inundaciones y crecidas de r\u00edos. <\/p>\n<p>De acuerdo a la advertencia del departamento de Meteorolog\u00eda de Etesa, algunos sectores propensos a las lluvias por las condiciones clim\u00e1ticas son: Dari\u00e9n, Comarca Ember\u00e1, Guna Yala, Panam\u00e1, Col\u00f3n, Cocl\u00e9, Veraguas, Chiriqu\u00ed, Comarca Ng\u00e4be Bugl\u00e9 y Bocas del Toro. <\/p>\n<p>Este fin de semana m\u00e1s de 500 residencias ubicadas en 23 comunidades de la ciudad de Panam\u00e1 resultaron afectadas en diferentes puntos de la ciudad de Panam\u00e1 debido al fuerte aguacero. <\/p>\n<p>El temporal afect\u00f3\u00a0la toma de agua de la planta potabilizadora de Cabra 1 y 2 en Panam\u00e1 Este dejando sin suministro a las comunidades de los \u00a0Jardines de Pacora, Nueva Esperanza, Cerro Azul, Villas de Altamira, Los Rosales, Santa Rita, Calle San Jos\u00e9, El Tr\u00e9bol 1, Rancho Caf\u00e9, Vista Hermosa, Villa Aurora, Cabra, Los Duraznos y \u00e1reas aleda\u00f1as. <\/p>\n<p>Los estamentos de seguridad recomiendan a la ciudadan\u00eda tomar las precauciones ante las fuertes r\u00e1fagas de vientos y los aguaceros. <\/p>\n<p>Se advierte la posibilidad de crecidas de quebradas y r\u00edos, descargas el\u00e9ctricas e incluso la precipitaci\u00f3n de granizo. <\/p>\n<p>En caso de que el aguacero le sorprenda conduciendo en la carretera, no atraviese con su veh\u00edculo los tramos inundados. <\/p>\n<p>Es importante localizar los puntos m\u00e1s altos de la zona donde se encuentre, ya que puede necesitar dirigirse a ellos en caso de inundaci\u00f3n. <\/p>\n<p>\u00a0 <\/p>\n","protected":false},"excerpt":{"rendered":"<p>La Empresa de Transmisi\u00f3n El\u00e9ctrica (Etesa) emiti\u00f3 un aviso de <a href=\"https:\/\/sertv.gob.pa\/crisolfm\/mal-tiempo-por-el-paso-de-onda-tropical-advierte-etesa\/\"> [&#8230;]<\/a><\/p>\n","protected":false},"author":1,"featured_media":9118,"comment_status":"closed","ping_status":"closed","sticky":false,"template":"","format":"standard","meta":{"footnotes":""},"categories":[7],"tags":[],"class_list":["post-9117","post","type-post","status-publish","format-standard","has-post-thumbnail","hentry","category-ecologicas"],"_links":{"self":[{"href":"https:\/\/sertv.gob.pa\/crisolfm\/wp-json\/wp\/v2\/posts\/9117","targetHints":{"allow":["GET"]}}],"collection":[{"href":"https:\/\/sertv.gob.pa\/crisolfm\/wp-json\/wp\/v2\/posts"}],"about":[{"href":"https:\/\/sertv.gob.pa\/crisolfm\/wp-json\/wp\/v2\/types\/post"}],"author":[{"embeddable":true,"href":"https:\/\/sertv.gob.pa\/crisolfm\/wp-json\/wp\/v2\/users\/1"}],"replies":[{"embeddable":true,"href":"https:\/\/sertv.gob.pa\/crisolfm\/wp-json\/wp\/v2\/comments?post=9117"}],"version-history":[{"count":0,"href":"https:\/\/sertv.gob.pa\/crisolfm\/wp-json\/wp\/v2\/posts\/9117\/revisions"}],"wp:featuredmedia":[{"embeddable":true,"href":"https:\/\/sertv.gob.pa\/crisolfm\/wp-json\/wp\/v2\/media\/9118"}],"wp:attachment":[{"href":"https:\/\/sertv.gob.pa\/crisolfm\/wp-json\/wp\/v2\/media?parent=9117"}],"wp:term":[{"taxonomy":"category","embeddable":true,"href":"https:\/\/sertv.gob.pa\/crisolfm\/wp-json\/wp\/v2\/categories?post=9117"},{"taxonomy":"post_tag","embeddable":true,"href":"https:\/\/sertv.gob.pa\/crisolfm\/wp-json\/wp\/v2\/tags?post=9117"}],"curies":[{"name":"wp","href":"https:\/\/api.w.org\/{rel}","templated":true}]}}