{"id":9131,"date":"2017-08-24T20:01:03","date_gmt":"2017-08-24T20:01:03","guid":{"rendered":""},"modified":"2017-08-24T20:01:03","modified_gmt":"2017-08-24T20:01:03","slug":"harvey-se-convierte-en-huracan-y-amenaza-sobre-texas","status":"publish","type":"post","link":"https:\/\/sertv.gob.pa\/crisolfm\/harvey-se-convierte-en-huracan-y-amenaza-sobre-texas\/","title":{"rendered":"\u201cHarvey\u201d se convierte en hurac\u00e1n y amenaza sobre Texas"},"content":{"rendered":"<p>\nLa tormenta tropical\u00a0Harvey\u00a0se convirti\u00f3 en hurac\u00e1n, con vientos m\u00e1ximos de 80 millas por hora (130 km\/h), en su avance hacia la costa de Texas, adonde llegar\u00e1 la noche del viernes o madrugada del s\u00e1bado, inform\u00f3 el Centro Nacional de Huracanes (NHC) de Estados Unidos. <\/p>\n<p>Harvey\u00a0se halla a 340 millas (550 kil\u00f3metros) al sureste de Corpus Christi (Texas) y a 335 millas (540 kil\u00f3metros) al sursureste de Port Oconnor, tambi\u00e9n en el estado de Texas. <\/p>\n<p>El hurac\u00e1n de categor\u00eda 1 en la escala de intensidad de Saffir-Simpson, de un m\u00e1ximo de 5, se desplaza hacia el nornoroeste con una velocidad de traslaci\u00f3n de 10 millas por hora (17 km\/h.), se\u00f1al\u00f3 el NHC en un bolet\u00edn especial. <\/p>\n<p>Las previsiones del NHC apuntan a que\u00a0Harvey\u00a0se fortalecer\u00e1 y podr\u00eda llegar como hurac\u00e1n de categor\u00eda mayor (3, 4 o 5) cuando se aproxime el viernes a la costa de Texas, donde afectar\u00eda a millones de personas. <\/p>\n<p>\u00a0 <\/p>\n","protected":false},"excerpt":{"rendered":"<p>La tormenta tropical\u00a0Harvey\u00a0se convirti\u00f3 en hurac\u00e1n, con vientos m\u00e1ximos de <a href=\"https:\/\/sertv.gob.pa\/crisolfm\/harvey-se-convierte-en-huracan-y-amenaza-sobre-texas\/\"> [&#8230;]<\/a><\/p>\n","protected":false},"author":1,"featured_media":9132,"comment_status":"closed","ping_status":"closed","sticky":false,"template":"","format":"standard","meta":{"footnotes":""},"categories":[7],"tags":[],"class_list":["post-9131","post","type-post","status-publish","format-standard","has-post-thumbnail","hentry","category-ecologicas"],"_links":{"self":[{"href":"https:\/\/sertv.gob.pa\/crisolfm\/wp-json\/wp\/v2\/posts\/9131","targetHints":{"allow":["GET"]}}],"collection":[{"href":"https:\/\/sertv.gob.pa\/crisolfm\/wp-json\/wp\/v2\/posts"}],"about":[{"href":"https:\/\/sertv.gob.pa\/crisolfm\/wp-json\/wp\/v2\/types\/post"}],"author":[{"embeddable":true,"href":"https:\/\/sertv.gob.pa\/crisolfm\/wp-json\/wp\/v2\/users\/1"}],"replies":[{"embeddable":true,"href":"https:\/\/sertv.gob.pa\/crisolfm\/wp-json\/wp\/v2\/comments?post=9131"}],"version-history":[{"count":0,"href":"https:\/\/sertv.gob.pa\/crisolfm\/wp-json\/wp\/v2\/posts\/9131\/revisions"}],"wp:featuredmedia":[{"embeddable":true,"href":"https:\/\/sertv.gob.pa\/crisolfm\/wp-json\/wp\/v2\/media\/9132"}],"wp:attachment":[{"href":"https:\/\/sertv.gob.pa\/crisolfm\/wp-json\/wp\/v2\/media?parent=9131"}],"wp:term":[{"taxonomy":"category","embeddable":true,"href":"https:\/\/sertv.gob.pa\/crisolfm\/wp-json\/wp\/v2\/categories?post=9131"},{"taxonomy":"post_tag","embeddable":true,"href":"https:\/\/sertv.gob.pa\/crisolfm\/wp-json\/wp\/v2\/tags?post=9131"}],"curies":[{"name":"wp","href":"https:\/\/api.w.org\/{rel}","templated":true}]}}