{"id":9141,"date":"2017-08-25T19:57:57","date_gmt":"2017-08-25T19:57:57","guid":{"rendered":""},"modified":"2017-08-25T19:57:57","modified_gmt":"2017-08-25T19:57:57","slug":"tormentas-electricas-y-aguaceros-en-las-proximas-horas","status":"publish","type":"post","link":"https:\/\/sertv.gob.pa\/crisolfm\/tormentas-electricas-y-aguaceros-en-las-proximas-horas\/","title":{"rendered":"Tormentas el\u00e9ctricas y aguaceros en las pr\u00f3ximas horas"},"content":{"rendered":"<p>\nUna alerta por aguaceros y tormentas el\u00e9ctricas hizo el Sistema Nacional de Protecci\u00f3n Civil (Sinaproc) para diversas provincias del pa\u00eds en las pr\u00f3ximas horas. <\/p>\n<p>Los aguaceros vendr\u00edan acompa\u00f1ados de fuertes vientos por lo que se pueden generar afectaciones en \u00e1reas que est\u00e1n cerca de las riberas de los r\u00edos o quebradas, as\u00ed como pr\u00f3ximas a las\u00a0 costas y otras que pueden ser susceptibles a inundaciones. <\/p>\n<p>Seg\u00fan el reporte de Sinaproc, las \u00e1reas afectadas ser\u00edan Panam\u00e1, Panam\u00e1 Oeste, Los Santos, Chiriqu\u00ed, Dari\u00e9n, as\u00ed como la comarca Guna Yala y la Ng\u00e4be-Bugl\u00e9. <\/p>\n<p>Los pron\u00f3sticos indican que las afectaciones pueden extenderse hasta las 5:30 de la tarde por lo que se recomienda a la poblaci\u00f3n no exponerse y estar preparadas para las consecuencias que se puedan suscitar. <\/p>\n<p>Se estima que los eventos clim\u00e1ticos son propios de la temporada lluviosa. <\/p>\n<p>\u00a0 <\/p>\n","protected":false},"excerpt":{"rendered":"<p>Una alerta por aguaceros y tormentas el\u00e9ctricas hizo el Sistema <a href=\"https:\/\/sertv.gob.pa\/crisolfm\/tormentas-electricas-y-aguaceros-en-las-proximas-horas\/\"> [&#8230;]<\/a><\/p>\n","protected":false},"author":1,"featured_media":9142,"comment_status":"closed","ping_status":"closed","sticky":false,"template":"","format":"standard","meta":{"footnotes":""},"categories":[7],"tags":[],"class_list":["post-9141","post","type-post","status-publish","format-standard","has-post-thumbnail","hentry","category-ecologicas"],"_links":{"self":[{"href":"https:\/\/sertv.gob.pa\/crisolfm\/wp-json\/wp\/v2\/posts\/9141","targetHints":{"allow":["GET"]}}],"collection":[{"href":"https:\/\/sertv.gob.pa\/crisolfm\/wp-json\/wp\/v2\/posts"}],"about":[{"href":"https:\/\/sertv.gob.pa\/crisolfm\/wp-json\/wp\/v2\/types\/post"}],"author":[{"embeddable":true,"href":"https:\/\/sertv.gob.pa\/crisolfm\/wp-json\/wp\/v2\/users\/1"}],"replies":[{"embeddable":true,"href":"https:\/\/sertv.gob.pa\/crisolfm\/wp-json\/wp\/v2\/comments?post=9141"}],"version-history":[{"count":0,"href":"https:\/\/sertv.gob.pa\/crisolfm\/wp-json\/wp\/v2\/posts\/9141\/revisions"}],"wp:featuredmedia":[{"embeddable":true,"href":"https:\/\/sertv.gob.pa\/crisolfm\/wp-json\/wp\/v2\/media\/9142"}],"wp:attachment":[{"href":"https:\/\/sertv.gob.pa\/crisolfm\/wp-json\/wp\/v2\/media?parent=9141"}],"wp:term":[{"taxonomy":"category","embeddable":true,"href":"https:\/\/sertv.gob.pa\/crisolfm\/wp-json\/wp\/v2\/categories?post=9141"},{"taxonomy":"post_tag","embeddable":true,"href":"https:\/\/sertv.gob.pa\/crisolfm\/wp-json\/wp\/v2\/tags?post=9141"}],"curies":[{"name":"wp","href":"https:\/\/api.w.org\/{rel}","templated":true}]}}