{"id":9177,"date":"2017-08-29T20:57:53","date_gmt":"2017-08-29T20:57:53","guid":{"rendered":""},"modified":"2017-08-29T20:57:53","modified_gmt":"2017-08-29T20:57:53","slug":"mes-de-septiembre-temporada-alta-para-avistar-ballenas","status":"publish","type":"post","link":"https:\/\/sertv.gob.pa\/crisolfm\/mes-de-septiembre-temporada-alta-para-avistar-ballenas\/","title":{"rendered":"Mes de septiembre, temporada alta para avistar ballenas"},"content":{"rendered":"<p>\nEntre los meses de julio a octubre, miles de cet\u00e1ceos comienzan a llegar a las aguas del Pac\u00edfico paname\u00f1o, especialmente las ballenas jorobadas; sin embargo el mes de septiembre es la mejor \u00e9poca para verlas zambullirse y danzar en el mar territorial. <\/p>\n<p>Cada a\u00f1o, m\u00e1s de dos mil ballenas jorobadas viajan unos diez mil kil\u00f3metros desde la Ant\u00e1rtida y desde Alaska hasta las aguas c\u00e1lidas del Pac\u00edfico paname\u00f1o para aparearse y reproducirse. <\/p>\n<p>Por sus saltos y sus fuertes golpes de aleta, la jorobada (Megaptera Novaeangliae) es un mam\u00edfero marino considerado entre las ballenas m\u00e1s en\u00e9rgicas del mundo, que ha logrado despertar el inter\u00e9s de grandes y chicos para observarlas. <\/p>\n<p>Los golfos de Chiriqu\u00ed y Montijo, el Parque Nacional Coiba, las islas de Taboga y Contadora, esta \u00faltima en el archipi\u00e9lago de Las Perlas, son algunos de los lugares privilegiados para apreciar la estancia de los cet\u00e1ceos. <\/p>\n<p>En Panam\u00e1, el avistamiento de ballenas se conoce desde finales de 1990 y desde entonces ha logrado captar el inter\u00e9s de por lo menos quince grupos comunitarios en el pa\u00eds, generando ingresos econ\u00f3micos por m\u00e1s de $3 millones, seg\u00fan un estudio de 2008 que cita Wetlands International. El organismo desarrolla desde hace tres a\u00f1os el proyecto de Protecci\u00f3n de Reservas y Sumideros de Carbono en los Manglares y \u00c1reas Protegidas de Panam\u00e1, que incluye la capacitaci\u00f3n a pescadores para el avistamiento de cet\u00e1ceos. <\/p>\n<p>\u00a0 <\/p>\n","protected":false},"excerpt":{"rendered":"<p>Entre los meses de julio a octubre, miles de cet\u00e1ceos <a href=\"https:\/\/sertv.gob.pa\/crisolfm\/mes-de-septiembre-temporada-alta-para-avistar-ballenas\/\"> [&#8230;]<\/a><\/p>\n","protected":false},"author":1,"featured_media":9178,"comment_status":"closed","ping_status":"closed","sticky":false,"template":"","format":"standard","meta":{"footnotes":""},"categories":[7],"tags":[],"class_list":["post-9177","post","type-post","status-publish","format-standard","has-post-thumbnail","hentry","category-ecologicas"],"_links":{"self":[{"href":"https:\/\/sertv.gob.pa\/crisolfm\/wp-json\/wp\/v2\/posts\/9177","targetHints":{"allow":["GET"]}}],"collection":[{"href":"https:\/\/sertv.gob.pa\/crisolfm\/wp-json\/wp\/v2\/posts"}],"about":[{"href":"https:\/\/sertv.gob.pa\/crisolfm\/wp-json\/wp\/v2\/types\/post"}],"author":[{"embeddable":true,"href":"https:\/\/sertv.gob.pa\/crisolfm\/wp-json\/wp\/v2\/users\/1"}],"replies":[{"embeddable":true,"href":"https:\/\/sertv.gob.pa\/crisolfm\/wp-json\/wp\/v2\/comments?post=9177"}],"version-history":[{"count":0,"href":"https:\/\/sertv.gob.pa\/crisolfm\/wp-json\/wp\/v2\/posts\/9177\/revisions"}],"wp:featuredmedia":[{"embeddable":true,"href":"https:\/\/sertv.gob.pa\/crisolfm\/wp-json\/wp\/v2\/media\/9178"}],"wp:attachment":[{"href":"https:\/\/sertv.gob.pa\/crisolfm\/wp-json\/wp\/v2\/media?parent=9177"}],"wp:term":[{"taxonomy":"category","embeddable":true,"href":"https:\/\/sertv.gob.pa\/crisolfm\/wp-json\/wp\/v2\/categories?post=9177"},{"taxonomy":"post_tag","embeddable":true,"href":"https:\/\/sertv.gob.pa\/crisolfm\/wp-json\/wp\/v2\/tags?post=9177"}],"curies":[{"name":"wp","href":"https:\/\/api.w.org\/{rel}","templated":true}]}}