{"id":9191,"date":"2017-08-30T20:31:28","date_gmt":"2017-08-30T20:31:28","guid":{"rendered":""},"modified":"2017-08-30T20:31:28","modified_gmt":"2017-08-30T20:31:28","slug":"miden-impacto-de-gases-de-efecto-invernadero-en-el-arco-seco","status":"publish","type":"post","link":"https:\/\/sertv.gob.pa\/crisolfm\/miden-impacto-de-gases-de-efecto-invernadero-en-el-arco-seco\/","title":{"rendered":"Miden impacto de gases de efecto invernadero en el Arco Seco"},"content":{"rendered":"<p>\nEn el mes de septiembre se conocer\u00e1, por primera vez, la magnitud de las emisiones de gases de efecto invernadero que se producen en los principales sectores de desarrollo del Arco Seco, como parte del primer estudio de este tipo que lleva a cabo el Centro del Agua del Tr\u00f3pico H\u00famedo para Am\u00e9rica Latina y el Caribe (Cathalac). <\/p>\n<p>As\u00ed lo informaron portavoces del organismo, los cuales adelantaron que el prop\u00f3sito de la investigaci\u00f3n es construir la resiliencia h\u00eddrica en la regi\u00f3n y las zonas aleda\u00f1as para enfrentar el cambio clim\u00e1tico. <\/p>\n<p>El aumento en la concentraci\u00f3n de los gases de efecto invernadero debido a actividades humanas, y la consecuente potenciaci\u00f3n del efecto invernadero, es una de las causas probables del calentamiento global, seg\u00fan la Organizaci\u00f3n de las Naciones Unidas para la Seguridad Alimentaria (FAO). <\/p>\n<p>Lilian Su\u00e1rez, investigadora de Cathalac, explic\u00f3 que el estudio intenta determinar la magnitud de las emisiones, la absorci\u00f3n por sumideros y por fuentes en la regi\u00f3n, que se atribuyen a las actividades humanas. <\/p>\n<p>&lsquo;El objetivo del estudio es determinar por primera vez la magnitud de las emisiones que se producen en las ciudades de Chitr\u00e9 y La Villa de los Santos e igualmente en la cuenca del r\u00edo La Villa&#8217;, en el Arco Seco paname\u00f1o, afirm\u00f3 Su\u00e1rez. <\/p>\n<p>Como resultado de este estudio, a\u00f1adi\u00f3, se espera identificar medidas de mitigaci\u00f3n al cambio clim\u00e1tico, as\u00ed como ideas de proyectos que se puedan traducir en mejores pr\u00e1cticas de desarrollo en la regi\u00f3n. <\/p>\n<p>En este sentido, Su\u00e1rez destac\u00f3 que estabilizar las concentraciones de gases de efecto invernadero implicar\u00e1 disminuir las emisiones en la producci\u00f3n y utilizaci\u00f3n de la energ\u00eda el\u00e9ctrica, el transporte; mejorar las actividades agropecuarias, el uso de la tierra y los asentamientos humanos. <\/p>\n<p>De hecho, la FAO considera que tener mejor informaci\u00f3n a nivel nacional sobre las emisiones de la agricultura, ganader\u00eda, pesca y silvicultura, puede ayudar a los pa\u00edses a identificar oportunidades para reducirlas, al mismo tiempo que se persiguen objetivos de seguridad alimentaria, resiliencia y desarrollo rural y conseguir acceso a la financiaci\u00f3n mundial para su implementaci\u00f3n. <\/p>\n<p>La especialista alert\u00f3 que el aumento de los gases de efecto invernadero pueden aumentar la temperatura promedio en la regi\u00f3n, degradar los suelos, contaminar el aire y provocar problemas de salud a las personas. <\/p>\n<p>El estudio forma parte del proyecto &lsquo;Fortalecimiento de la Resiliencia de los recursos h\u00eddricos frente al Cambio Clim\u00e1tico en dos ciudades de la cuenca del r\u00edo La Villa del Arco Seco de Panam\u00e1&#8217;, con fondos del Centro Internacional de Investigaciones para el Desarrollo (Canad\u00e1) y el Ministerio de Ambiente (Panam\u00e1). <\/p>\n<p>\u00a0 <\/p>\n","protected":false},"excerpt":{"rendered":"<p>En el mes de septiembre se conocer\u00e1, por primera vez, <a href=\"https:\/\/sertv.gob.pa\/crisolfm\/miden-impacto-de-gases-de-efecto-invernadero-en-el-arco-seco\/\"> [&#8230;]<\/a><\/p>\n","protected":false},"author":1,"featured_media":9192,"comment_status":"closed","ping_status":"closed","sticky":false,"template":"","format":"standard","meta":{"footnotes":""},"categories":[7],"tags":[],"class_list":["post-9191","post","type-post","status-publish","format-standard","has-post-thumbnail","hentry","category-ecologicas"],"_links":{"self":[{"href":"https:\/\/sertv.gob.pa\/crisolfm\/wp-json\/wp\/v2\/posts\/9191","targetHints":{"allow":["GET"]}}],"collection":[{"href":"https:\/\/sertv.gob.pa\/crisolfm\/wp-json\/wp\/v2\/posts"}],"about":[{"href":"https:\/\/sertv.gob.pa\/crisolfm\/wp-json\/wp\/v2\/types\/post"}],"author":[{"embeddable":true,"href":"https:\/\/sertv.gob.pa\/crisolfm\/wp-json\/wp\/v2\/users\/1"}],"replies":[{"embeddable":true,"href":"https:\/\/sertv.gob.pa\/crisolfm\/wp-json\/wp\/v2\/comments?post=9191"}],"version-history":[{"count":0,"href":"https:\/\/sertv.gob.pa\/crisolfm\/wp-json\/wp\/v2\/posts\/9191\/revisions"}],"wp:featuredmedia":[{"embeddable":true,"href":"https:\/\/sertv.gob.pa\/crisolfm\/wp-json\/wp\/v2\/media\/9192"}],"wp:attachment":[{"href":"https:\/\/sertv.gob.pa\/crisolfm\/wp-json\/wp\/v2\/media?parent=9191"}],"wp:term":[{"taxonomy":"category","embeddable":true,"href":"https:\/\/sertv.gob.pa\/crisolfm\/wp-json\/wp\/v2\/categories?post=9191"},{"taxonomy":"post_tag","embeddable":true,"href":"https:\/\/sertv.gob.pa\/crisolfm\/wp-json\/wp\/v2\/tags?post=9191"}],"curies":[{"name":"wp","href":"https:\/\/api.w.org\/{rel}","templated":true}]}}