{"id":9205,"date":"2017-08-31T20:39:02","date_gmt":"2017-08-31T20:39:02","guid":{"rendered":""},"modified":"2017-08-31T20:39:02","modified_gmt":"2017-08-31T20:39:02","slug":"feria-de-la-flor-del-espiritu-santo-en-las-minas","status":"publish","type":"post","link":"https:\/\/sertv.gob.pa\/crisolfm\/feria-de-la-flor-del-espiritu-santo-en-las-minas\/","title":{"rendered":"Feria de la Flor del Esp\u00edritu Santo en Las Minas"},"content":{"rendered":"<p>\nUna variedad de orqu\u00eddeas se podr\u00e1 apreciar durante la XVII Feria de la Flor del Esp\u00edritu Santo, que se realiza en Las Minas, provincia de Herrera, desde hoy hasta el 3 de septiembre. <\/p>\n<p>Seg\u00fan sus organizadores, como todos los a\u00f1os, la feria se lleva a cabo en esta regi\u00f3n del pa\u00eds con el fin de realzar la flor nacional paname\u00f1a, darle la oportunidad al campesino para que comercialice sus productos y que el visitante disfrute de los eventos que ofrecen. <\/p>\n<p>La vicepresidenta del grupo de Orquide\u00f3filos de Las Minas, Evidelia Navarro, explic\u00f3 que la feria se efect\u00faa durante la \u00e9poca de invierno porque es cuando florecen las orqu\u00eddeas (entre los meses de julio, agosto y septiembre). &lsquo;Somos privilegiados, porque tenemos el clima y la reserva forestal donde ellas crecen en abundancia&#8217;, destac\u00f3 Navarro. <\/p>\n<p>La especialista en orqu\u00eddeas record\u00f3 que la flor del Esp\u00edritu Santo tambi\u00e9n nace en otros puntos del pa\u00eds, pero solo en Las Minas se le rinde tributo como s\u00edmbolo representativo de la naci\u00f3n. <\/p>\n<p>La flor del Esp\u00edritu Santo (Peristeria elata ) es una planta terrestre o ep\u00edfita, de hojas carnosas, originaria, principalmente, de Colombia, Ecuador y Panam\u00e1. <\/p>\n<p>En nuestro pa\u00eds habita en los bosques montanos muy h\u00famedos. <\/p>\n<p>Solo en Las Minas se cultivan unas 500 variedades de orqu\u00eddeas, destac\u00f3 Navarro. &lsquo;La flor que se exhibe en esta feria es m\u00e1s grande y m\u00e1s vistosa por el clima y la zona en la que reto\u00f1a&#8217;, resalt\u00f3 la vicepresidenta. <\/p>\n<p>\u00a0 <\/p>\n<p>\u00a0 <\/p>\n","protected":false},"excerpt":{"rendered":"<p>Una variedad de orqu\u00eddeas se podr\u00e1 apreciar durante la XVII <a href=\"https:\/\/sertv.gob.pa\/crisolfm\/feria-de-la-flor-del-espiritu-santo-en-las-minas\/\"> [&#8230;]<\/a><\/p>\n","protected":false},"author":1,"featured_media":9206,"comment_status":"closed","ping_status":"closed","sticky":false,"template":"","format":"standard","meta":{"footnotes":""},"categories":[7],"tags":[],"class_list":["post-9205","post","type-post","status-publish","format-standard","has-post-thumbnail","hentry","category-ecologicas"],"_links":{"self":[{"href":"https:\/\/sertv.gob.pa\/crisolfm\/wp-json\/wp\/v2\/posts\/9205","targetHints":{"allow":["GET"]}}],"collection":[{"href":"https:\/\/sertv.gob.pa\/crisolfm\/wp-json\/wp\/v2\/posts"}],"about":[{"href":"https:\/\/sertv.gob.pa\/crisolfm\/wp-json\/wp\/v2\/types\/post"}],"author":[{"embeddable":true,"href":"https:\/\/sertv.gob.pa\/crisolfm\/wp-json\/wp\/v2\/users\/1"}],"replies":[{"embeddable":true,"href":"https:\/\/sertv.gob.pa\/crisolfm\/wp-json\/wp\/v2\/comments?post=9205"}],"version-history":[{"count":0,"href":"https:\/\/sertv.gob.pa\/crisolfm\/wp-json\/wp\/v2\/posts\/9205\/revisions"}],"wp:featuredmedia":[{"embeddable":true,"href":"https:\/\/sertv.gob.pa\/crisolfm\/wp-json\/wp\/v2\/media\/9206"}],"wp:attachment":[{"href":"https:\/\/sertv.gob.pa\/crisolfm\/wp-json\/wp\/v2\/media?parent=9205"}],"wp:term":[{"taxonomy":"category","embeddable":true,"href":"https:\/\/sertv.gob.pa\/crisolfm\/wp-json\/wp\/v2\/categories?post=9205"},{"taxonomy":"post_tag","embeddable":true,"href":"https:\/\/sertv.gob.pa\/crisolfm\/wp-json\/wp\/v2\/tags?post=9205"}],"curies":[{"name":"wp","href":"https:\/\/api.w.org\/{rel}","templated":true}]}}