{"id":9217,"date":"2017-09-01T20:46:14","date_gmt":"2017-09-01T20:46:14","guid":{"rendered":""},"modified":"2017-09-01T20:46:14","modified_gmt":"2017-09-01T20:46:14","slug":"huracan-irma-baja-a-categoria-2-durante-su-ruta-hacia-el-caribe","status":"publish","type":"post","link":"https:\/\/sertv.gob.pa\/crisolfm\/huracan-irma-baja-a-categoria-2-durante-su-ruta-hacia-el-caribe\/","title":{"rendered":"Hurac\u00e1n Irma baja a categor\u00eda 2 durante su ruta hacia el Caribe"},"content":{"rendered":"<p>\nIrma se debilit\u00f3 en su ruta hacia el Caribe y descendi\u00f3 a categor\u00eda 2 con vientos m\u00e1ximos sostenidos de 110 millas por hora (175 km\/h), aunque \u00abpermanecer\u00e1 como un poderoso hurac\u00e1n\u00bb, inform\u00f3 el Centro Nacional de Huracanes (NHC) de EE.UU. <\/p>\n<p>En su bolet\u00edn de las 15.00 GMT de hoy, el NHC se\u00f1al\u00f3 que Irma, el cuarto hurac\u00e1n de la temporada cicl\u00f3nica en la cuenca atl\u00e1ntica, se halla a 1.580 millas (2.540 kil\u00f3metros) al este de las islas de Sotavento (Antillas Menores). <\/p>\n<p>Se desplaza hacia el oeste-noroeste con una velocidad de traslaci\u00f3n de 13 millas por hora (20 km\/h). Seg\u00fan un probable patr\u00f3n de trayectoria, Irma girar\u00e1 esta noche hacia el oeste, seguido de un movimiento hacia el oeste-suroeste ma\u00f1ana s\u00e1bado. <\/p>\n<p>Las \u00abfluctuaciones de intensidad\u00bb que est\u00e1 experimentado el hurac\u00e1n continuar\u00e1n durante los pr\u00f3ximos d\u00edas, agregaron los meteor\u00f3logos del NHC, con sede en Miami. <\/p>\n<p>Irma pas\u00f3 en la ma\u00f1ana del jueves directamente de tormenta a hurac\u00e1n de categor\u00eda 2 en la escala de intensidad de Saffir-Simpson, de un m\u00e1ximo de 5, y r\u00e1pidamente se transform\u00f3 en un poderoso hurac\u00e1n de categor\u00eda 3. <\/p>\n<p>\u00a0 <\/p>\n","protected":false},"excerpt":{"rendered":"<p>Irma se debilit\u00f3 en su ruta hacia el Caribe y <a href=\"https:\/\/sertv.gob.pa\/crisolfm\/huracan-irma-baja-a-categoria-2-durante-su-ruta-hacia-el-caribe\/\"> [&#8230;]<\/a><\/p>\n","protected":false},"author":1,"featured_media":9218,"comment_status":"closed","ping_status":"closed","sticky":false,"template":"","format":"standard","meta":{"footnotes":""},"categories":[7],"tags":[],"class_list":["post-9217","post","type-post","status-publish","format-standard","has-post-thumbnail","hentry","category-ecologicas"],"_links":{"self":[{"href":"https:\/\/sertv.gob.pa\/crisolfm\/wp-json\/wp\/v2\/posts\/9217","targetHints":{"allow":["GET"]}}],"collection":[{"href":"https:\/\/sertv.gob.pa\/crisolfm\/wp-json\/wp\/v2\/posts"}],"about":[{"href":"https:\/\/sertv.gob.pa\/crisolfm\/wp-json\/wp\/v2\/types\/post"}],"author":[{"embeddable":true,"href":"https:\/\/sertv.gob.pa\/crisolfm\/wp-json\/wp\/v2\/users\/1"}],"replies":[{"embeddable":true,"href":"https:\/\/sertv.gob.pa\/crisolfm\/wp-json\/wp\/v2\/comments?post=9217"}],"version-history":[{"count":0,"href":"https:\/\/sertv.gob.pa\/crisolfm\/wp-json\/wp\/v2\/posts\/9217\/revisions"}],"wp:featuredmedia":[{"embeddable":true,"href":"https:\/\/sertv.gob.pa\/crisolfm\/wp-json\/wp\/v2\/media\/9218"}],"wp:attachment":[{"href":"https:\/\/sertv.gob.pa\/crisolfm\/wp-json\/wp\/v2\/media?parent=9217"}],"wp:term":[{"taxonomy":"category","embeddable":true,"href":"https:\/\/sertv.gob.pa\/crisolfm\/wp-json\/wp\/v2\/categories?post=9217"},{"taxonomy":"post_tag","embeddable":true,"href":"https:\/\/sertv.gob.pa\/crisolfm\/wp-json\/wp\/v2\/tags?post=9217"}],"curies":[{"name":"wp","href":"https:\/\/api.w.org\/{rel}","templated":true}]}}