{"id":9223,"date":"2017-09-01T21:22:41","date_gmt":"2017-09-01T21:22:41","guid":{"rendered":""},"modified":"2017-09-01T21:22:41","modified_gmt":"2017-09-01T21:22:41","slug":"septiembre-mes-de-los-oceanos","status":"publish","type":"post","link":"https:\/\/sertv.gob.pa\/crisolfm\/septiembre-mes-de-los-oceanos\/","title":{"rendered":"Septiembre, mes de los oc\u00e9anos"},"content":{"rendered":"<p>\nA partir de hoy inicia la celebraci\u00f3n del Mes de los oc\u00e9anos, en el cual se resaltar\u00e1 la importancia de este recurso natural y se har\u00e1n actividades recreativas y competencias para orientar a la poblaci\u00f3n. <\/p>\n<p> Agenda de actividades<br \/>\nEl martes 5 de septiembre se presentar\u00e1 el libro &ldquo;El \u00e1rea protegida, refugio de vida silvestre&rdquo; por parte de la mag\u00edster Diana Laguna y habr\u00e1 exhibici\u00f3n de fotograf\u00edas &ldquo;El manglar est\u00e1 en peligro y t\u00fa tambi\u00e9n&rdquo;, a las 4:00 p.m., en la plaza de la Ciudad del Saber. <\/p>\n<p>El pr\u00f3ximo 14 de septiembre se escoger\u00e1n a los ganadores del Concurso Nacional de Pintura Infantil PROMAR, el domingo 17 se dar\u00e1 la observaci\u00f3n de aves playeras en Costa del Este a la 1:45 p.m., seguido del 19 con la XI Semana por los Oc\u00e9anos en el Centro Natural Punta Culebra en el Instituto Smithsonian de 1:00 a 5:00 p.m., entretanto, La Universidad de las Am\u00e9ricas (UDELAS) presentar\u00e1 el 20 la teleconferencia &ldquo;La salud de los oc\u00e9anos&rdquo;, en el aula m\u00e1xima de la sede de Veraguas. Siguiendo el 24, cuando se desarrollar\u00e1 un Triatl\u00f3n en Coronado, 7:00 p.m. <\/p>\n<p>El 28 de septiembre ser\u00e1 el XI Concurso de Figura en Arena en Playa Veracruz, de 9:00 a.m., a 12:00 mediod\u00eda y culminar\u00e1n la celebraci\u00f3n el 29 con XIII Foro Oc\u00e9anos &ldquo;La salud de los oc\u00e9anos depende de ti&rdquo;, en Auditorium Earl Tupper del Instituto Smithsonian, desde las 9:00 a.m., hasta las 12:30 p.m. <\/p>\n<p>\u00a0 <\/p>\n","protected":false},"excerpt":{"rendered":"<p>A partir de hoy inicia la celebraci\u00f3n del Mes de <a href=\"https:\/\/sertv.gob.pa\/crisolfm\/septiembre-mes-de-los-oceanos\/\"> [&#8230;]<\/a><\/p>\n","protected":false},"author":1,"featured_media":9224,"comment_status":"closed","ping_status":"closed","sticky":false,"template":"","format":"standard","meta":{"footnotes":""},"categories":[7],"tags":[],"class_list":["post-9223","post","type-post","status-publish","format-standard","has-post-thumbnail","hentry","category-ecologicas"],"_links":{"self":[{"href":"https:\/\/sertv.gob.pa\/crisolfm\/wp-json\/wp\/v2\/posts\/9223","targetHints":{"allow":["GET"]}}],"collection":[{"href":"https:\/\/sertv.gob.pa\/crisolfm\/wp-json\/wp\/v2\/posts"}],"about":[{"href":"https:\/\/sertv.gob.pa\/crisolfm\/wp-json\/wp\/v2\/types\/post"}],"author":[{"embeddable":true,"href":"https:\/\/sertv.gob.pa\/crisolfm\/wp-json\/wp\/v2\/users\/1"}],"replies":[{"embeddable":true,"href":"https:\/\/sertv.gob.pa\/crisolfm\/wp-json\/wp\/v2\/comments?post=9223"}],"version-history":[{"count":0,"href":"https:\/\/sertv.gob.pa\/crisolfm\/wp-json\/wp\/v2\/posts\/9223\/revisions"}],"wp:featuredmedia":[{"embeddable":true,"href":"https:\/\/sertv.gob.pa\/crisolfm\/wp-json\/wp\/v2\/media\/9224"}],"wp:attachment":[{"href":"https:\/\/sertv.gob.pa\/crisolfm\/wp-json\/wp\/v2\/media?parent=9223"}],"wp:term":[{"taxonomy":"category","embeddable":true,"href":"https:\/\/sertv.gob.pa\/crisolfm\/wp-json\/wp\/v2\/categories?post=9223"},{"taxonomy":"post_tag","embeddable":true,"href":"https:\/\/sertv.gob.pa\/crisolfm\/wp-json\/wp\/v2\/tags?post=9223"}],"curies":[{"name":"wp","href":"https:\/\/api.w.org\/{rel}","templated":true}]}}