{"id":9237,"date":"2017-09-04T20:10:32","date_gmt":"2017-09-04T20:10:32","guid":{"rendered":""},"modified":"2017-09-04T20:10:32","modified_gmt":"2017-09-04T20:10:32","slug":"alerta-meteorologica-emite-republica-dominicana-por-irma","status":"publish","type":"post","link":"https:\/\/sertv.gob.pa\/crisolfm\/alerta-meteorologica-emite-republica-dominicana-por-irma\/","title":{"rendered":"Alerta meteorol\u00f3gica emite Rep\u00fablica Dominicana por Irma"},"content":{"rendered":"<p>\nLa Rep\u00fablica Dominicana emiti\u00f3 \u00a0alerta meteorol\u00f3gica desde La Isla Saona hasta Cabo Enga\u00f1o, en el este del pa\u00eds, y desde Cabo Enga\u00f1o hasta Cabo Franc\u00e9s Viejo (noreste), debido a la evoluci\u00f3n del hurac\u00e1n\u00a0Irma, que contin\u00faa su desplazamiento sobre el Atl\u00e1ntico rumbo al Caribe. <\/p>\n<p>\u00abEsto significa que, por su posici\u00f3n y trayectoria, es importante que las zonas bajo alerta se mantengan atentas a la evoluci\u00f3n de\u00a0Irma\u00bb, advirti\u00f3 la Oficina Nacional de Meteorolog\u00eda (Onamet). <\/p>\n<p>En un comunicado, el organismo recomend\u00f3 a la poblaci\u00f3n mantenerse atenta a los boletines sobre este fen\u00f3meno atmosf\u00e9rico, ya que se espera su fortalecimiento como peligroso hurac\u00e1n cuando se aproxime a las Antillas Menores. <\/p>\n<p>De continuar con su trayectoria,\u00a0Irma\u00a0podr\u00eda afectar la Rep\u00fablica Dominicana a mediados de la pr\u00f3xima semana, se\u00f1al\u00f3. <\/p>\n<p>El presidente dominicano, Danilo Medina, convoc\u00f3 para este lunes una reuni\u00f3n con los organismos de emergencia ante el desplazamiento de\u00a0Irma, que volvi\u00f3 a ser un hurac\u00e1n de categor\u00eda 3, anunci\u00f3 hoy el ministro de Obras P\u00fablicas, Gonzalo Castillo. <\/p>\n<p>El ministro explic\u00f3 que las instituciones estatales se preparan ante cualquier eventualidad provocadas por\u00a0Irma, el cuarto hurac\u00e1n de la temporada cicl\u00f3nica en la cuenca atl\u00e1ntica, que empez\u00f3 el pasado 1 de junio. <\/p>\n<p>Con motivo de la actual temporada de huracanes, las autoridades dominicanas pusieron en marcha el Plan de Contingencia para Huracanes, cuyo prop\u00f3sito principal es aumentar la capacidad de respuesta por parte de las 22 instituciones que integran el Centro de Operaciones de Emergencias (COE). <\/p>\n<p>Seg\u00fan el Centro Nacional de Huracanes (CNH) de Estadps Unidos,\u00a0Irma\u00a0presenta vientos m\u00e1ximos sostenidos de 185 kil\u00f3metros por hora (115 m\/h) y se espera \u00abun fortalecimiento adicional hacia el lunes por la noche\u00bb, cuando incluso podr\u00eda llegar a categor\u00eda 4. <\/p>\n<p>El cicl\u00f3n se encuentra a 1.275 kil\u00f3metros (790 millas) al este de las islas de Sotavento (Antillas Menores) y, seg\u00fan un probable patr\u00f3n de trayectoria, el martes estar\u00eda sobre el norte de ese archipi\u00e9lago, de acuerdo con el CNH, con sede en Miami. <\/p>\n<p>Irma, que seg\u00fan un probable patr\u00f3n de trayectoria el lunes experimentar\u00e1 un giro hacia el oeste, se mantendr\u00e1 como \u00abun poderoso hurac\u00e1n\u00bb en los pr\u00f3ximos d\u00edas, agregaron los meteor\u00f3logos del CNH.\u00a0 <\/p>\n","protected":false},"excerpt":{"rendered":"<p>La Rep\u00fablica Dominicana emiti\u00f3 \u00a0alerta meteorol\u00f3gica desde La Isla Saona <a href=\"https:\/\/sertv.gob.pa\/crisolfm\/alerta-meteorologica-emite-republica-dominicana-por-irma\/\"> [&#8230;]<\/a><\/p>\n","protected":false},"author":1,"featured_media":9238,"comment_status":"closed","ping_status":"closed","sticky":false,"template":"","format":"standard","meta":{"footnotes":""},"categories":[7],"tags":[],"class_list":["post-9237","post","type-post","status-publish","format-standard","has-post-thumbnail","hentry","category-ecologicas"],"_links":{"self":[{"href":"https:\/\/sertv.gob.pa\/crisolfm\/wp-json\/wp\/v2\/posts\/9237","targetHints":{"allow":["GET"]}}],"collection":[{"href":"https:\/\/sertv.gob.pa\/crisolfm\/wp-json\/wp\/v2\/posts"}],"about":[{"href":"https:\/\/sertv.gob.pa\/crisolfm\/wp-json\/wp\/v2\/types\/post"}],"author":[{"embeddable":true,"href":"https:\/\/sertv.gob.pa\/crisolfm\/wp-json\/wp\/v2\/users\/1"}],"replies":[{"embeddable":true,"href":"https:\/\/sertv.gob.pa\/crisolfm\/wp-json\/wp\/v2\/comments?post=9237"}],"version-history":[{"count":0,"href":"https:\/\/sertv.gob.pa\/crisolfm\/wp-json\/wp\/v2\/posts\/9237\/revisions"}],"wp:featuredmedia":[{"embeddable":true,"href":"https:\/\/sertv.gob.pa\/crisolfm\/wp-json\/wp\/v2\/media\/9238"}],"wp:attachment":[{"href":"https:\/\/sertv.gob.pa\/crisolfm\/wp-json\/wp\/v2\/media?parent=9237"}],"wp:term":[{"taxonomy":"category","embeddable":true,"href":"https:\/\/sertv.gob.pa\/crisolfm\/wp-json\/wp\/v2\/categories?post=9237"},{"taxonomy":"post_tag","embeddable":true,"href":"https:\/\/sertv.gob.pa\/crisolfm\/wp-json\/wp\/v2\/tags?post=9237"}],"curies":[{"name":"wp","href":"https:\/\/api.w.org\/{rel}","templated":true}]}}