{"id":9239,"date":"2017-09-04T20:34:46","date_gmt":"2017-09-04T20:34:46","guid":{"rendered":""},"modified":"2017-09-04T20:34:46","modified_gmt":"2017-09-04T20:34:46","slug":"con-el-fin-de-conservar-las-ballenas-panama-estudia-estrategias","status":"publish","type":"post","link":"https:\/\/sertv.gob.pa\/crisolfm\/con-el-fin-de-conservar-las-ballenas-panama-estudia-estrategias\/","title":{"rendered":"Con el fin de conservar las ballenas, Panam\u00e1 estudia estrategias"},"content":{"rendered":"<p>\nExpertos de Ecuador, Colombia, Panam\u00e1, Per\u00fa y Chile se reunieron esta semana en Machallila, en la costa ecuatoriana, para estudiar estrategias dirigidas a la conservaci\u00f3n de las\u00a0ballenas\u00a0que habitan en el oc\u00e9ano Pac\u00edfico oriental. <\/p>\n<p>As\u00ed lo inform\u00f3 hoy el Ministerio ecuatoriano del Ambiente en un comunicado sobre el Primer Taller Regional de Conservaci\u00f3n de Grandes Cet\u00e1ceos, que tuvo lugar en la sede del Parque Nacional Machalilla, en la costa oeste de Ecuador. <\/p>\n<p>El encuentro fue organizado por la Subsecretar\u00eda de Gesti\u00f3n Marina y Costera del Ministerio del Ambiente, con el apoyo t\u00e9cnico y financiero de la organizaci\u00f3n ambientalista World Wildlife Fund (WWF-Ecuador). <\/p>\n<p>El objetivo del taller fue analizar estrategias para mejorar las condiciones de conservaci\u00f3n, investigaci\u00f3n y manejo de especies de grandes cet\u00e1ceos en el oc\u00e9ano Pac\u00edfico oriental, as\u00ed como compartir informaci\u00f3n sobre buenas pr\u00e1cticas, experiencias y material cient\u00edfico actual, entre otros, indica el texto del Ministerio. <\/p>\n<p>El encuentro, adem\u00e1s, permiti\u00f3 a los delegados asumir compromisos de colaboraci\u00f3n dirigidos a encarar la conservaci\u00f3n y protecci\u00f3n de cet\u00e1ceos con acciones encaminadas a bajar los niveles de amenazas contra estos animales. <\/p>\n<p>La coordinaci\u00f3n regional igualmente permitir\u00e1 incrementar las investigaciones de las especies de cet\u00e1ceos en temas como sitios de agregaci\u00f3n de\u00a0ballenas\u00a0y zonas de pesca, rutas migratorias, estudios de gen\u00e9tica y poblacionales, agrega el comunicado. <\/p>\n<p>Durante el encuentro, la subsecretar\u00eda de Gesti\u00f3n Marina y Costera anunci\u00f3 que elabora un Protocolo de Atenci\u00f3n Inmediata, con la que espera formalizar una \u00abRed de Varamiento y Mortandad de Especies Marinas del Ecuador\u00bb. <\/p>\n<p>Adem\u00e1s, en el marco de este encuentro, WWF-Ecuador don\u00f3 a la Red de \u00c1reas Marinas Costeras Protegidas antenas, radios bases, port\u00e1tiles, c\u00e1maras fotogr\u00e1ficas e instrumentos de posicionamiento global, para fortalecer \u00abel control y vigilancia de la costa ecuatoriana\u00bb. <\/p>\n<p>Actualmente, Ecuador cuenta con una Red de \u00c1reas Marinas Costeras Protegidas, integrada por 19 espacios que contienen ecosistemas a lo largo de las cinco provincias del litoral del pa\u00eds, as\u00ed como en el archipi\u00e9lago de Gal\u00e1pagos.\u00a0 <\/p>\n","protected":false},"excerpt":{"rendered":"<p>Expertos de Ecuador, Colombia, Panam\u00e1, Per\u00fa y Chile se reunieron <a href=\"https:\/\/sertv.gob.pa\/crisolfm\/con-el-fin-de-conservar-las-ballenas-panama-estudia-estrategias\/\"> [&#8230;]<\/a><\/p>\n","protected":false},"author":1,"featured_media":9240,"comment_status":"closed","ping_status":"closed","sticky":false,"template":"","format":"standard","meta":{"footnotes":""},"categories":[7],"tags":[],"class_list":["post-9239","post","type-post","status-publish","format-standard","has-post-thumbnail","hentry","category-ecologicas"],"_links":{"self":[{"href":"https:\/\/sertv.gob.pa\/crisolfm\/wp-json\/wp\/v2\/posts\/9239","targetHints":{"allow":["GET"]}}],"collection":[{"href":"https:\/\/sertv.gob.pa\/crisolfm\/wp-json\/wp\/v2\/posts"}],"about":[{"href":"https:\/\/sertv.gob.pa\/crisolfm\/wp-json\/wp\/v2\/types\/post"}],"author":[{"embeddable":true,"href":"https:\/\/sertv.gob.pa\/crisolfm\/wp-json\/wp\/v2\/users\/1"}],"replies":[{"embeddable":true,"href":"https:\/\/sertv.gob.pa\/crisolfm\/wp-json\/wp\/v2\/comments?post=9239"}],"version-history":[{"count":0,"href":"https:\/\/sertv.gob.pa\/crisolfm\/wp-json\/wp\/v2\/posts\/9239\/revisions"}],"wp:featuredmedia":[{"embeddable":true,"href":"https:\/\/sertv.gob.pa\/crisolfm\/wp-json\/wp\/v2\/media\/9240"}],"wp:attachment":[{"href":"https:\/\/sertv.gob.pa\/crisolfm\/wp-json\/wp\/v2\/media?parent=9239"}],"wp:term":[{"taxonomy":"category","embeddable":true,"href":"https:\/\/sertv.gob.pa\/crisolfm\/wp-json\/wp\/v2\/categories?post=9239"},{"taxonomy":"post_tag","embeddable":true,"href":"https:\/\/sertv.gob.pa\/crisolfm\/wp-json\/wp\/v2\/tags?post=9239"}],"curies":[{"name":"wp","href":"https:\/\/api.w.org\/{rel}","templated":true}]}}