{"id":9249,"date":"2017-09-05T00:22:46","date_gmt":"2017-09-05T00:22:46","guid":{"rendered":""},"modified":"2017-09-05T00:22:46","modified_gmt":"2017-09-05T00:22:46","slug":"florida-se-declara-en-estado-de-emergencia-por-irma","status":"publish","type":"post","link":"https:\/\/sertv.gob.pa\/crisolfm\/florida-se-declara-en-estado-de-emergencia-por-irma\/","title":{"rendered":"Florida se declara en estado de emergencia por Irma"},"content":{"rendered":"<p>\nEl hurac\u00e1n Irma increment\u00f3 su intensidad a categor\u00eda 4 este\u00a0lunes en su avance hacia las islas del Caribe, donde azotar\u00e1 entre el martes y el mi\u00e9rcoles, mientras el estado estadounidense de Florida se declar\u00f3 en emergencia para anticipar la embestida del cicl\u00f3n. <\/p>\n<p>\u00abIrma es un hurac\u00e1n categor\u00eda 4 de la escala Saffir-Simpson (de 5). Se espera que se fortalezca m\u00e1s en las pr\u00f3ximas 48 horas\u00bb, escribi\u00f3 el  Centro Nacional de Huracanes , con sede en Miami, en su bolet\u00edn de las 21:00 p.m. <\/p>\n<p>Contempor\u00e1neamente, en una orden ejecutiva, el gobernador de Florida, Rick Scott, declar\u00f3 en emergencia a todos los condados del estado, a fin de que todas las oficinas locales y estatales est\u00e9n preparadas para la llegada de esta \u00abpeligrosa tormenta\u00bb al final de la semana. <\/p>\n<p> El ojo de Irma estaba en la tarde del lunes a 790 km al este de las Antillas Menores  y soplaba con vientos m\u00e1ximos sostenidos de 215 km\/hora. <\/p>\n<p>En su desplazamiento hacia el oeste a 20 km\/hora, se espera que llegue a las Antillas Menores entre el martes por la noche y la ma\u00f1ana del mi\u00e9rcoles, cuando alcanzar\u00e1 tambi\u00e9n Puerto Rico. <\/p>\n<p>El NHC puso bajo advertencia de hurac\u00e1n las islas antillanas de Antigua, Barbuda, Anguilla, Montserrat, St. Kitts y Nevis, Saba, San Eustaquio, San Mart\u00edn y San Bartolomeo. <\/p>\n<p>Bajo vigilancia de hurac\u00e1n est\u00e1n Puerto Rico, las Islas V\u00edrgenes y Guadalupe. <\/p>\n<p>Una \u00abadvertencia\u00bb se\u00f1ala que el hurac\u00e1n es inminente en las pr\u00f3ximas 36 horas, mientras la \u00abvigilancia\u00bb se\u00f1ala que su llegada ocurrir\u00e1 en 48 horas. <\/p>\n<p>\u00a0 <\/p>\n","protected":false},"excerpt":{"rendered":"<p>El hurac\u00e1n Irma increment\u00f3 su intensidad a categor\u00eda 4 este\u00a0lunes <a href=\"https:\/\/sertv.gob.pa\/crisolfm\/florida-se-declara-en-estado-de-emergencia-por-irma\/\"> [&#8230;]<\/a><\/p>\n","protected":false},"author":1,"featured_media":9250,"comment_status":"closed","ping_status":"closed","sticky":false,"template":"","format":"standard","meta":{"footnotes":""},"categories":[7],"tags":[],"class_list":["post-9249","post","type-post","status-publish","format-standard","has-post-thumbnail","hentry","category-ecologicas"],"_links":{"self":[{"href":"https:\/\/sertv.gob.pa\/crisolfm\/wp-json\/wp\/v2\/posts\/9249","targetHints":{"allow":["GET"]}}],"collection":[{"href":"https:\/\/sertv.gob.pa\/crisolfm\/wp-json\/wp\/v2\/posts"}],"about":[{"href":"https:\/\/sertv.gob.pa\/crisolfm\/wp-json\/wp\/v2\/types\/post"}],"author":[{"embeddable":true,"href":"https:\/\/sertv.gob.pa\/crisolfm\/wp-json\/wp\/v2\/users\/1"}],"replies":[{"embeddable":true,"href":"https:\/\/sertv.gob.pa\/crisolfm\/wp-json\/wp\/v2\/comments?post=9249"}],"version-history":[{"count":0,"href":"https:\/\/sertv.gob.pa\/crisolfm\/wp-json\/wp\/v2\/posts\/9249\/revisions"}],"wp:featuredmedia":[{"embeddable":true,"href":"https:\/\/sertv.gob.pa\/crisolfm\/wp-json\/wp\/v2\/media\/9250"}],"wp:attachment":[{"href":"https:\/\/sertv.gob.pa\/crisolfm\/wp-json\/wp\/v2\/media?parent=9249"}],"wp:term":[{"taxonomy":"category","embeddable":true,"href":"https:\/\/sertv.gob.pa\/crisolfm\/wp-json\/wp\/v2\/categories?post=9249"},{"taxonomy":"post_tag","embeddable":true,"href":"https:\/\/sertv.gob.pa\/crisolfm\/wp-json\/wp\/v2\/tags?post=9249"}],"curies":[{"name":"wp","href":"https:\/\/api.w.org\/{rel}","templated":true}]}}