{"id":9251,"date":"2017-09-05T00:24:23","date_gmt":"2017-09-05T00:24:23","guid":{"rendered":""},"modified":"2017-09-05T00:24:23","modified_gmt":"2017-09-05T00:24:23","slug":"detectados-casi-5-500-ejemplares-de-la-orquidea-de-prat","status":"publish","type":"post","link":"https:\/\/sertv.gob.pa\/crisolfm\/detectados-casi-5-500-ejemplares-de-la-orquidea-de-prat\/","title":{"rendered":"Detectados casi 5.500 ejemplares de la &#8216;orqu\u00eddea de prat&#8217;"},"content":{"rendered":"<p>\nLa poblaci\u00f3n de la &#8216;orqu\u00eddea de prat&#8217; (Orchis palustris) de s&#8217;Albufera de Mallorca, considerada end\u00e9mica tambi\u00e9n del norte de \u00c1frica, ha sido cuantificada en 5.484 ejemplares en el 2017, de los cuales 4.460 (el 81,3 por ciento) est\u00e1n dentro del l\u00edmite del mismo Parque. <\/p>\n<p>Adem\u00e1s, el Servicio de Protecci\u00f3n de Especies y el Parque Natural de S&#8217;Albufera han ejecutado un Plan de Conservaci\u00f3n que ha permitido observar que en los \u00faltimos a\u00f1os una infecci\u00f3n f\u00fangica impide la floraci\u00f3n y la fructificaci\u00f3n de la &#8216;orqu\u00eddea de prat&#8217;, seg\u00fan ha explicado la Direcci\u00f3n General de Espacios Naturales y Biodiversidad en un comunicado. <\/p>\n<p>El recuento del n\u00famero de ejemplares sirve para evaluar la tendencia demogr\u00e1fica de la especie y detectar un posible declive poblacional o cualquier otra amenaza que pueda afectar a la estabilidad de la especie. <\/p>\n<p>En este sentido, el censo de este a\u00f1o ha detectado y cuantificado 53 ruedos de esta especie cuando la orqu\u00eddea se hallaba en el m\u00e1ximo de floraci\u00f3n, momento de m\u00e1s visibilidad. <\/p>\n<p>El 80 por ciento de la poblaci\u00f3n total se encuentra distribuida en s\u00f3lo tres localidades (Son Bosc y dos \u00e1reas en el camino dels Polls, en el oeste de s&#8217;Albufera). Adem\u00e1s, se conoce tambi\u00e9n la presencia de 57 ejemplares de un h\u00edbrido entre &#8216;Orqu\u00eddea palustris&#8217; y &#8216;Orqu\u00eddea fragans&#8217; en Son Bosc. <\/p>\n<p>Esta orqu\u00eddea vive asociada a ambientes espec\u00edficos de elevada humedad del suelo y poca competencia herb\u00e1cea y se encuentra amenazada y calificada en peligro por la Uni\u00f3n Internacional de Conservaci\u00f3n de la Naturaleza y protegida legalmente en el Cat\u00e1logo Balear de Especies Amenazadas, con la categor\u00eda de vulnerable. <\/p>\n<p>Por \u00faltimo, tras comparar los datos del censo con las de los a\u00f1os inmediatamente anteriores, se ha observado un ligero descenso en el n\u00famero total de orqu\u00eddeas, \u00abpoco preocupante\u00bb, atribuible a las fluctuaciones normales de la especie y a una primavera relativamente seca. En cambio, se ha detectado un incremento en cuatro poblaciones (ses Puntes, Son Bosc, el cam\u00ed d&#8217;en Molines i la s\u00edquia dels Pins). <\/p>\n<p>\u00a0 <\/p>\n<p>\u00a0 <\/p>\n","protected":false},"excerpt":{"rendered":"<p>La poblaci\u00f3n de la &#8216;orqu\u00eddea de prat&#8217; (Orchis palustris) de <a href=\"https:\/\/sertv.gob.pa\/crisolfm\/detectados-casi-5-500-ejemplares-de-la-orquidea-de-prat\/\"> [&#8230;]<\/a><\/p>\n","protected":false},"author":1,"featured_media":9252,"comment_status":"closed","ping_status":"closed","sticky":false,"template":"","format":"standard","meta":{"footnotes":""},"categories":[7],"tags":[],"class_list":["post-9251","post","type-post","status-publish","format-standard","has-post-thumbnail","hentry","category-ecologicas"],"_links":{"self":[{"href":"https:\/\/sertv.gob.pa\/crisolfm\/wp-json\/wp\/v2\/posts\/9251","targetHints":{"allow":["GET"]}}],"collection":[{"href":"https:\/\/sertv.gob.pa\/crisolfm\/wp-json\/wp\/v2\/posts"}],"about":[{"href":"https:\/\/sertv.gob.pa\/crisolfm\/wp-json\/wp\/v2\/types\/post"}],"author":[{"embeddable":true,"href":"https:\/\/sertv.gob.pa\/crisolfm\/wp-json\/wp\/v2\/users\/1"}],"replies":[{"embeddable":true,"href":"https:\/\/sertv.gob.pa\/crisolfm\/wp-json\/wp\/v2\/comments?post=9251"}],"version-history":[{"count":0,"href":"https:\/\/sertv.gob.pa\/crisolfm\/wp-json\/wp\/v2\/posts\/9251\/revisions"}],"wp:featuredmedia":[{"embeddable":true,"href":"https:\/\/sertv.gob.pa\/crisolfm\/wp-json\/wp\/v2\/media\/9252"}],"wp:attachment":[{"href":"https:\/\/sertv.gob.pa\/crisolfm\/wp-json\/wp\/v2\/media?parent=9251"}],"wp:term":[{"taxonomy":"category","embeddable":true,"href":"https:\/\/sertv.gob.pa\/crisolfm\/wp-json\/wp\/v2\/categories?post=9251"},{"taxonomy":"post_tag","embeddable":true,"href":"https:\/\/sertv.gob.pa\/crisolfm\/wp-json\/wp\/v2\/tags?post=9251"}],"curies":[{"name":"wp","href":"https:\/\/api.w.org\/{rel}","templated":true}]}}