{"id":9255,"date":"2017-09-05T20:35:15","date_gmt":"2017-09-05T20:35:15","guid":{"rendered":""},"modified":"2017-09-05T20:35:15","modified_gmt":"2017-09-05T20:35:15","slug":"paises-buscan-corredor-de-proteccion-marina","status":"publish","type":"post","link":"https:\/\/sertv.gob.pa\/crisolfm\/paises-buscan-corredor-de-proteccion-marina\/","title":{"rendered":"Pa\u00edses buscan corredor de protecci\u00f3n marina"},"content":{"rendered":"<p>\nEcuador, Costa Rica, Colombia y Panam\u00e1 buscan crear un corredor de control, vigilancia y pesca sostenible en el Oc\u00e9ano Pac\u00edfico, inform\u00f3 hoy el ministro ecuatoriano de Ambiente, Tarsicio Granizo. <\/p>\n<p>\u00abHemos estado en contacto con los Gobiernos de Costa Rica, Colombia y Panam\u00e1 para crear un corredor de conservaci\u00f3n entre el norte de las islas Gal\u00e1pagos, las islas de Gorgona en Colombia, la isla de Coiba en Panam\u00e1, y la isla de Cocos en Costa Rica\u00bb, expres\u00f3 el funcionario. <\/p>\n<p>Se trata de un corredor de \u00abcontrol, vigilancia y pesca sostenible. Es un corredor de seguridad, que garantice la migraci\u00f3n de especies que hacen rutas de migraci\u00f3n por el lado del norte de la islas Gal\u00e1pagos\u00bb, manifest\u00f3 el ministro en la radio Am\u00e9rica. <\/p>\n<p>Detall\u00f3 que ese corredor representa un poco menos de mil kil\u00f3metros ente Gal\u00e1pagos y Cocos, y anot\u00f3 que concretar la idea \u00abes una decisi\u00f3n pol\u00edtica, diplom\u00e1tica\u00bb entre las cuatro naciones. <\/p>\n<p>\u00a0 <\/p>\n<p>\u00a0 <\/p>\n","protected":false},"excerpt":{"rendered":"<p>Ecuador, Costa Rica, Colombia y Panam\u00e1 buscan crear un corredor <a href=\"https:\/\/sertv.gob.pa\/crisolfm\/paises-buscan-corredor-de-proteccion-marina\/\"> [&#8230;]<\/a><\/p>\n","protected":false},"author":1,"featured_media":9256,"comment_status":"closed","ping_status":"closed","sticky":false,"template":"","format":"standard","meta":{"footnotes":""},"categories":[7],"tags":[],"class_list":["post-9255","post","type-post","status-publish","format-standard","has-post-thumbnail","hentry","category-ecologicas"],"_links":{"self":[{"href":"https:\/\/sertv.gob.pa\/crisolfm\/wp-json\/wp\/v2\/posts\/9255","targetHints":{"allow":["GET"]}}],"collection":[{"href":"https:\/\/sertv.gob.pa\/crisolfm\/wp-json\/wp\/v2\/posts"}],"about":[{"href":"https:\/\/sertv.gob.pa\/crisolfm\/wp-json\/wp\/v2\/types\/post"}],"author":[{"embeddable":true,"href":"https:\/\/sertv.gob.pa\/crisolfm\/wp-json\/wp\/v2\/users\/1"}],"replies":[{"embeddable":true,"href":"https:\/\/sertv.gob.pa\/crisolfm\/wp-json\/wp\/v2\/comments?post=9255"}],"version-history":[{"count":0,"href":"https:\/\/sertv.gob.pa\/crisolfm\/wp-json\/wp\/v2\/posts\/9255\/revisions"}],"wp:featuredmedia":[{"embeddable":true,"href":"https:\/\/sertv.gob.pa\/crisolfm\/wp-json\/wp\/v2\/media\/9256"}],"wp:attachment":[{"href":"https:\/\/sertv.gob.pa\/crisolfm\/wp-json\/wp\/v2\/media?parent=9255"}],"wp:term":[{"taxonomy":"category","embeddable":true,"href":"https:\/\/sertv.gob.pa\/crisolfm\/wp-json\/wp\/v2\/categories?post=9255"},{"taxonomy":"post_tag","embeddable":true,"href":"https:\/\/sertv.gob.pa\/crisolfm\/wp-json\/wp\/v2\/tags?post=9255"}],"curies":[{"name":"wp","href":"https:\/\/api.w.org\/{rel}","templated":true}]}}