{"id":9257,"date":"2017-09-05T20:56:39","date_gmt":"2017-09-05T20:56:39","guid":{"rendered":""},"modified":"2017-09-05T20:56:39","modified_gmt":"2017-09-05T20:56:39","slug":"irma-se-convierte-en-huracan-de-categoria-5","status":"publish","type":"post","link":"https:\/\/sertv.gob.pa\/crisolfm\/irma-se-convierte-en-huracan-de-categoria-5\/","title":{"rendered":"Irma se convierte en hurac\u00e1n de categor\u00eda 5"},"content":{"rendered":"<p>\nEl hurac\u00e1n\u00a0Irma\u00a0subi\u00f3 hoy a categor\u00eda 5, la m\u00e1xima en la escala de intensidad Saffir-Simpson, mientras contin\u00faa su desplazamiento rumbo a las Antillas Menores, en el Caribe, inform\u00f3 el Centro Nacional de Huracanes (NHC) de EE.UU. <\/p>\n<p>El \u00abextremadamente peligroso\u00bb hurac\u00e1n\u00a0Irma, el cuarto de la temporada cicl\u00f3nica en el Atl\u00e1ntico, presenta vientos m\u00e1ximos sostenidos de 175 millas por hora (280 km\/h) y se halla a 270 millas (440 kil\u00f3metros) al este de Antigua y a 280 millas (445 kil\u00f3metros) al este-sureste de Barbuda, en las Antillas Menores. <\/p>\n<p>Se desplaza hacia el oeste con una velocidad de traslaci\u00f3n de 14 millas por hora (22 km\/h), indic\u00f3 el NHC en un bolet\u00edn especial. <\/p>\n<p>Se espera que mantenga hoy esta trayectoria seguida de un giro hacia el oeste-noroeste esta noche, por lo que el v\u00f3rtice de Irma se mueva cerca o sobre partes del norte de las Antillas Menores esta noche y temprano en la ma\u00f1ana del mi\u00e9rcoles. <\/p>\n<p>El Gobierno de Barbados ha emitido un aviso de tormenta tropical para Dominica y hay un aviso de hurac\u00e1n (paso del sistema en 24 horas) para las islas de Antigua, Barbuda, Anguila, Montserrat, San Crist\u00f3bal y Nieves; as\u00ed como para las islas de Saba, San Eustaquio y Saint Martin, Saint Barthelemy, Las Islas V\u00edrgenes brit\u00e1nicas y las Islas V\u00edrgenes de EE.UU., Puerto Rico, Vieques y Culebra. <\/p>\n<p>Y est\u00e1 en efecto una vigilancia de hurac\u00e1n para Guadalupe y Dominica. <\/p>\n<p>El cicl\u00f3n pas\u00f3 en la ma\u00f1ana del jueves directamente de tormenta tropical a hurac\u00e1n de categor\u00eda 2 y r\u00e1pidamente se transform\u00f3 en un hurac\u00e1n mayor, al subir a categor\u00eda 3 en la escala de intensidad de Saffir-Simpson, de un m\u00e1ximo de 5. <\/p>\n<p>La primera tormenta tropical de 2017 fue Arlene, que se form\u00f3 en abril pasado en mitad del Atl\u00e1ntico, m\u00e1s de un mes antes del comienzo de la temporada. <\/p>\n<p>\u00a0 <\/p>\n","protected":false},"excerpt":{"rendered":"<p>El hurac\u00e1n\u00a0Irma\u00a0subi\u00f3 hoy a categor\u00eda 5, la m\u00e1xima en la <a href=\"https:\/\/sertv.gob.pa\/crisolfm\/irma-se-convierte-en-huracan-de-categoria-5\/\"> [&#8230;]<\/a><\/p>\n","protected":false},"author":1,"featured_media":9258,"comment_status":"closed","ping_status":"closed","sticky":false,"template":"","format":"standard","meta":{"footnotes":""},"categories":[7],"tags":[],"class_list":["post-9257","post","type-post","status-publish","format-standard","has-post-thumbnail","hentry","category-ecologicas"],"_links":{"self":[{"href":"https:\/\/sertv.gob.pa\/crisolfm\/wp-json\/wp\/v2\/posts\/9257","targetHints":{"allow":["GET"]}}],"collection":[{"href":"https:\/\/sertv.gob.pa\/crisolfm\/wp-json\/wp\/v2\/posts"}],"about":[{"href":"https:\/\/sertv.gob.pa\/crisolfm\/wp-json\/wp\/v2\/types\/post"}],"author":[{"embeddable":true,"href":"https:\/\/sertv.gob.pa\/crisolfm\/wp-json\/wp\/v2\/users\/1"}],"replies":[{"embeddable":true,"href":"https:\/\/sertv.gob.pa\/crisolfm\/wp-json\/wp\/v2\/comments?post=9257"}],"version-history":[{"count":0,"href":"https:\/\/sertv.gob.pa\/crisolfm\/wp-json\/wp\/v2\/posts\/9257\/revisions"}],"wp:featuredmedia":[{"embeddable":true,"href":"https:\/\/sertv.gob.pa\/crisolfm\/wp-json\/wp\/v2\/media\/9258"}],"wp:attachment":[{"href":"https:\/\/sertv.gob.pa\/crisolfm\/wp-json\/wp\/v2\/media?parent=9257"}],"wp:term":[{"taxonomy":"category","embeddable":true,"href":"https:\/\/sertv.gob.pa\/crisolfm\/wp-json\/wp\/v2\/categories?post=9257"},{"taxonomy":"post_tag","embeddable":true,"href":"https:\/\/sertv.gob.pa\/crisolfm\/wp-json\/wp\/v2\/tags?post=9257"}],"curies":[{"name":"wp","href":"https:\/\/api.w.org\/{rel}","templated":true}]}}