{"id":9279,"date":"2017-09-06T21:53:06","date_gmt":"2017-09-06T21:53:06","guid":{"rendered":""},"modified":"2017-09-06T21:53:06","modified_gmt":"2017-09-06T21:53:06","slug":"musica-y-arte-para-recibir-al-papa-en-bogota","status":"publish","type":"post","link":"https:\/\/sertv.gob.pa\/crisolfm\/musica-y-arte-para-recibir-al-papa-en-bogota\/","title":{"rendered":"M\u00fasica y arte para recibir al papa en Bogot\u00e1"},"content":{"rendered":"<p>\nLa Orquesta Filarm\u00f3nica de Bogot\u00e1 y el Coro Filarm\u00f3nico estar\u00e1n acompa\u00f1ando durante la ceremonia en el parque Sim\u00f3n Bol\u00edvar al sumo pont\u00edfice. Adem\u00e1s, se har\u00e1 la presentaci\u00f3n con todos los integrantes de la canci\u00f3n &ldquo;El primer paso&rdquo;. <\/p>\n<p>Previo a la ceremonia, Jorge Celed\u00f3n, Goyo, Mar\u00eda Mulata, los integrantes de la agrupaci\u00f3n Herencia de Timbiqu\u00ed, las cantaoras Nidia G\u00f3ngora, In\u00e9s Granja y los integrantes del grupo Canal\u00f3n, interpretar\u00e1n el tema &ldquo;El Primer paso&rdquo;, compuesto por el m\u00fasico y productor Iv\u00e1n Benavides como homenaje a la visita del Papa, y al final de la misa los asistentes podr\u00e1n disfrutar de un concierto con el &ldquo;Cholo&rdquo; Valderrama, Jorge Celed\u00f3n y el grupo ChocQuibTown.\u00a0 <\/p>\n<p>En la celebraci\u00f3n el Grupo Cat\u00f3licos Unidos, formado por sacerdotes, seminaristas, monjas y laicos, interpretar\u00e1 la canci\u00f3n oficial de la visita, un vallenato pop con una estrofa de rap titulado \u00abDemos el primer paso\u00bb, lema de la gira papal. <\/p>\n<p>Adem\u00e1s,\u00a0la Alcald\u00eda de Bogot\u00e1 y el Instituto Distrital de Patrimonio Cultural (IDPC) renovaron\u00a035 bienes patrimoniales, monumentos y obras de arte ubicadas a lo largo de los recorridos del pont\u00edfice sobre las calles 26 y 63, la carrera S\u00e9ptima y la avenida Circunvalar. <\/p>\n<p>Entre los bienes intervenidos se hallan la Catedral Primada de Colombia, el Palacio Li\u00e9vano (sede de la Alcald\u00eda), el Cementerio Central y los monumentos La Rebeca, a Isabel la Cat\u00f3lica y Crist\u00f3bal Col\u00f3n. De la misma manera\u00a0\u00a0fueron limpiadas esculturas y otras obras situadas en avenidas de la ciudad. <\/p>\n<p>\u00a0 <\/p>\n<p>\u00a0 <\/p>\n","protected":false},"excerpt":{"rendered":"<p>La Orquesta Filarm\u00f3nica de Bogot\u00e1 y el Coro Filarm\u00f3nico estar\u00e1n <a href=\"https:\/\/sertv.gob.pa\/crisolfm\/musica-y-arte-para-recibir-al-papa-en-bogota\/\"> [&#8230;]<\/a><\/p>\n","protected":false},"author":1,"featured_media":9280,"comment_status":"closed","ping_status":"closed","sticky":false,"template":"","format":"standard","meta":{"footnotes":""},"categories":[6],"tags":[],"class_list":["post-9279","post","type-post","status-publish","format-standard","has-post-thumbnail","hentry","category-culturales"],"_links":{"self":[{"href":"https:\/\/sertv.gob.pa\/crisolfm\/wp-json\/wp\/v2\/posts\/9279","targetHints":{"allow":["GET"]}}],"collection":[{"href":"https:\/\/sertv.gob.pa\/crisolfm\/wp-json\/wp\/v2\/posts"}],"about":[{"href":"https:\/\/sertv.gob.pa\/crisolfm\/wp-json\/wp\/v2\/types\/post"}],"author":[{"embeddable":true,"href":"https:\/\/sertv.gob.pa\/crisolfm\/wp-json\/wp\/v2\/users\/1"}],"replies":[{"embeddable":true,"href":"https:\/\/sertv.gob.pa\/crisolfm\/wp-json\/wp\/v2\/comments?post=9279"}],"version-history":[{"count":0,"href":"https:\/\/sertv.gob.pa\/crisolfm\/wp-json\/wp\/v2\/posts\/9279\/revisions"}],"wp:featuredmedia":[{"embeddable":true,"href":"https:\/\/sertv.gob.pa\/crisolfm\/wp-json\/wp\/v2\/media\/9280"}],"wp:attachment":[{"href":"https:\/\/sertv.gob.pa\/crisolfm\/wp-json\/wp\/v2\/media?parent=9279"}],"wp:term":[{"taxonomy":"category","embeddable":true,"href":"https:\/\/sertv.gob.pa\/crisolfm\/wp-json\/wp\/v2\/categories?post=9279"},{"taxonomy":"post_tag","embeddable":true,"href":"https:\/\/sertv.gob.pa\/crisolfm\/wp-json\/wp\/v2\/tags?post=9279"}],"curies":[{"name":"wp","href":"https:\/\/api.w.org\/{rel}","templated":true}]}}