{"id":9285,"date":"2017-09-07T15:02:31","date_gmt":"2017-09-07T15:02:31","guid":{"rendered":""},"modified":"2017-09-07T15:02:31","modified_gmt":"2017-09-07T15:02:31","slug":"irma-en-su-paso-por-el-caribe-deja-mas-de-8-muertos","status":"publish","type":"post","link":"https:\/\/sertv.gob.pa\/crisolfm\/irma-en-su-paso-por-el-caribe-deja-mas-de-8-muertos\/","title":{"rendered":"\u201cIrma\u201d en su paso por el Caribe deja m\u00e1s de 8 muertos"},"content":{"rendered":"<p>\nAl menos 8 personas fallecieron y una veintena resultaron heridas en la parte francesa de la isla de San Mart\u00edn \u00a0a causa del hurac\u00e1n\u00a0Irma, seg\u00fan expres\u00f3 el teniente coronel Vincent Boichard, uno de los responsables de la protecci\u00f3n civil, en declaraciones hoy al canal \u00abBFMTV\u00bb. <\/p>\n<p>El poderoso\u00a0hurac\u00e1n \u00a0destroz\u00f3 casi totalmente las islas de San Mart\u00edn y Barbuda, \u00a0mientras avanza hacia\u00a0Rep\u00fablica Dominicana, Hait\u00ed y Cuba, antes de dirigirse a Florida el fin de semana <\/p>\n<p>La ministra francesa de Ultramar, Annick Girardin, que lleg\u00f3 de madrugada a la isla de Guadalupe desde Par\u00eds con m\u00e1s de un centenar de miembros de equipos de salvamento, no quiso pronunciarse sobre la cifra de v\u00edctimas, en una primera comparecencia ante la prensa a las 06.00 GMT, y se limit\u00f3 a reconocer que \u00abtenemos da\u00f1os extremadamente importantes\u00bb tanto en San Mart\u00edn como en San Bartolom\u00e9. <\/p>\n<p>Girardin indic\u00f3 que en las pr\u00f3ximas horas, una vez que amanezca, est\u00e1 previsto un vuelo con un avi\u00f3n militar CASA desde Guadalupe hasta San Mart\u00edn para hacer un reconocimiento y porque se ha podido liberar una pista del aeropuerto para su aterrizaje. <\/p>\n<p>El prop\u00f3sito es poner en marcha un puente a\u00e9reo para organizar las labores de salvamento y de abastecimiento, que se har\u00e1n tambi\u00e9n por barco. <\/p>\n<p>\u00abTodos los edificios de San Mart\u00edn han resultado afectados\u00bb, incluidos el hospital, el cuartel de bomberos o la prefectura, que ha sido \u00abdestruida\u00bb, precis\u00f3. <\/p>\n<p>\u00abEl Gobierno est\u00e1 totalmente movilizado\u00bb, asegur\u00f3 la titular de Ultramar. En la parte francesa de San Mart\u00edn viven unas 35.000 personas, algo menos que en la holandesa.\u00a0 <\/p>\n<p>Irma\u00a0dej\u00f3 hoy atr\u00e1s la isla de Puerto Rico y amenaza ahora al noreste de la Rep\u00fablica Dominicana con vientos de hasta 290 kil\u00f3metros por hora que lo mantienen en categor\u00eda 5, la m\u00e1xima, inform\u00f3 el Centro Nacional de Huracanes (NHC) de Estado Unidos. <\/p>\n<p>De acuerdo al \u00faltimo bolet\u00edn del NHC de las 06.00 GMT, \u00abel ojo de\u00a0Irma\u00a0se alejar\u00e1 de Puerto Rico esta ma\u00f1ana, pasar\u00e1 justo al norte de la costa de La Espa\u00f1ola m\u00e1s tarde, y se ubicar\u00e1 cerca de las Islas Turcas y Caicos y del sureste de Bahamas esta noche\u00bb. <\/p>\n<p>A esa hora, el ojo del hurac\u00e1n estaba 410 kil\u00f3metros al este-sureste de la brit\u00e1nica Isla Gran Turca y avanzaba a una velocidad de 26 kil\u00f3metros por hora en direcci\u00f3n oeste-noroeste, un movimiento que los meteor\u00f3logos prev\u00e9n que mantenga en las pr\u00f3ximas 48 horas. <\/p>\n<p>\u00a0 <\/p>\n<p>\u00a0 <\/p>\n","protected":false},"excerpt":{"rendered":"<p>Al menos 8 personas fallecieron y una veintena resultaron heridas <a href=\"https:\/\/sertv.gob.pa\/crisolfm\/irma-en-su-paso-por-el-caribe-deja-mas-de-8-muertos\/\"> [&#8230;]<\/a><\/p>\n","protected":false},"author":1,"featured_media":9286,"comment_status":"closed","ping_status":"closed","sticky":false,"template":"","format":"standard","meta":{"footnotes":""},"categories":[7],"tags":[],"class_list":["post-9285","post","type-post","status-publish","format-standard","has-post-thumbnail","hentry","category-ecologicas"],"_links":{"self":[{"href":"https:\/\/sertv.gob.pa\/crisolfm\/wp-json\/wp\/v2\/posts\/9285","targetHints":{"allow":["GET"]}}],"collection":[{"href":"https:\/\/sertv.gob.pa\/crisolfm\/wp-json\/wp\/v2\/posts"}],"about":[{"href":"https:\/\/sertv.gob.pa\/crisolfm\/wp-json\/wp\/v2\/types\/post"}],"author":[{"embeddable":true,"href":"https:\/\/sertv.gob.pa\/crisolfm\/wp-json\/wp\/v2\/users\/1"}],"replies":[{"embeddable":true,"href":"https:\/\/sertv.gob.pa\/crisolfm\/wp-json\/wp\/v2\/comments?post=9285"}],"version-history":[{"count":0,"href":"https:\/\/sertv.gob.pa\/crisolfm\/wp-json\/wp\/v2\/posts\/9285\/revisions"}],"wp:featuredmedia":[{"embeddable":true,"href":"https:\/\/sertv.gob.pa\/crisolfm\/wp-json\/wp\/v2\/media\/9286"}],"wp:attachment":[{"href":"https:\/\/sertv.gob.pa\/crisolfm\/wp-json\/wp\/v2\/media?parent=9285"}],"wp:term":[{"taxonomy":"category","embeddable":true,"href":"https:\/\/sertv.gob.pa\/crisolfm\/wp-json\/wp\/v2\/categories?post=9285"},{"taxonomy":"post_tag","embeddable":true,"href":"https:\/\/sertv.gob.pa\/crisolfm\/wp-json\/wp\/v2\/tags?post=9285"}],"curies":[{"name":"wp","href":"https:\/\/api.w.org\/{rel}","templated":true}]}}