{"id":9297,"date":"2017-09-07T19:58:32","date_gmt":"2017-09-07T19:58:32","guid":{"rendered":""},"modified":"2017-09-07T19:58:32","modified_gmt":"2017-09-07T19:58:32","slug":"sinaproc-emite-aviso-de-prevencion-de-marea-alta-en-el-pacifico","status":"publish","type":"post","link":"https:\/\/sertv.gob.pa\/crisolfm\/sinaproc-emite-aviso-de-prevencion-de-marea-alta-en-el-pacifico\/","title":{"rendered":"Sinaproc emite aviso de prevenci\u00f3n de marea alta en el Pac\u00edfico"},"content":{"rendered":"<p>\nUn nuevo aviso de prevenci\u00f3n emiti\u00f3 el Sistema Nacional de Protecci\u00f3n Civil (Sinaproc) a partir de este jueves hasta el martes 12 de septiembre. <\/p>\n<p>De acuerdo con el comunicado, para estos d\u00edas habr\u00e1 mareas altas en las costas del Pac\u00edfico a partir de las 4:20 a.m. del jueves hasta las 7:48 a.m. del pr\u00f3ximo martes. <\/p>\n<p>Se prev\u00e9 que se registren olas de hasta 5.18 metros de altura. <\/p>\n<p>El director de Sinaproc, Jos\u00e9 Donderis hizo un llamado a los habitantes de las costas de Pac\u00edfico, ba\u00f1istas y tripulantes de embarcaciones livianas a extremar las medidas de seguridad. <\/p>\n<p>En caso de que las mareas altas coincidan con las lluvias propias de la temporada, se podr\u00edan registrar aumentos de los niveles de r\u00edos y quebradas. <\/p>\n<p>\u00a0 <\/p>\n","protected":false},"excerpt":{"rendered":"<p>Un nuevo aviso de prevenci\u00f3n emiti\u00f3 el Sistema Nacional de <a href=\"https:\/\/sertv.gob.pa\/crisolfm\/sinaproc-emite-aviso-de-prevencion-de-marea-alta-en-el-pacifico\/\"> [&#8230;]<\/a><\/p>\n","protected":false},"author":1,"featured_media":9298,"comment_status":"closed","ping_status":"closed","sticky":false,"template":"","format":"standard","meta":{"footnotes":""},"categories":[7],"tags":[],"class_list":["post-9297","post","type-post","status-publish","format-standard","has-post-thumbnail","hentry","category-ecologicas"],"_links":{"self":[{"href":"https:\/\/sertv.gob.pa\/crisolfm\/wp-json\/wp\/v2\/posts\/9297","targetHints":{"allow":["GET"]}}],"collection":[{"href":"https:\/\/sertv.gob.pa\/crisolfm\/wp-json\/wp\/v2\/posts"}],"about":[{"href":"https:\/\/sertv.gob.pa\/crisolfm\/wp-json\/wp\/v2\/types\/post"}],"author":[{"embeddable":true,"href":"https:\/\/sertv.gob.pa\/crisolfm\/wp-json\/wp\/v2\/users\/1"}],"replies":[{"embeddable":true,"href":"https:\/\/sertv.gob.pa\/crisolfm\/wp-json\/wp\/v2\/comments?post=9297"}],"version-history":[{"count":0,"href":"https:\/\/sertv.gob.pa\/crisolfm\/wp-json\/wp\/v2\/posts\/9297\/revisions"}],"wp:featuredmedia":[{"embeddable":true,"href":"https:\/\/sertv.gob.pa\/crisolfm\/wp-json\/wp\/v2\/media\/9298"}],"wp:attachment":[{"href":"https:\/\/sertv.gob.pa\/crisolfm\/wp-json\/wp\/v2\/media?parent=9297"}],"wp:term":[{"taxonomy":"category","embeddable":true,"href":"https:\/\/sertv.gob.pa\/crisolfm\/wp-json\/wp\/v2\/categories?post=9297"},{"taxonomy":"post_tag","embeddable":true,"href":"https:\/\/sertv.gob.pa\/crisolfm\/wp-json\/wp\/v2\/tags?post=9297"}],"curies":[{"name":"wp","href":"https:\/\/api.w.org\/{rel}","templated":true}]}}