{"id":9299,"date":"2017-09-08T20:13:03","date_gmt":"2017-09-08T20:13:03","guid":{"rendered":""},"modified":"2017-09-08T20:13:03","modified_gmt":"2017-09-08T20:13:03","slug":"sube-cifra-de-muertos-en-el-sur-de-mexico-por-fuerte-terremoto","status":"publish","type":"post","link":"https:\/\/sertv.gob.pa\/crisolfm\/sube-cifra-de-muertos-en-el-sur-de-mexico-por-fuerte-terremoto\/","title":{"rendered":"Sube cifra de muertos en el sur de M\u00e9xico por fuerte terremoto"},"content":{"rendered":"<p>\nEl fuerte terremoto registrado en la noche del jueves en\u00a0M\u00e9xico\u00a0ha dejado al menos 32 muertos en el sur del pa\u00eds -23 en el estado de Oaxaca, 7 en Chiapas y 2 en Tabasco-, seg\u00fan el informe preliminar de las autoridades. <\/p>\n<p>En declaraciones a Televisa, el gobernador del sure\u00f1o estado de Oaxaca, Alejandro Murat, actualiz\u00f3 la cifra de muertos en su regi\u00f3n a 23 personas. <\/p>\n<p>En Juchit\u00e1n de Zaragoza, en el Istmo de Tehuantepec, se cay\u00f3 una parte del palacio municipal y hay da\u00f1os en muchas viviendas, que causaron la muerte de 17 personas. <\/p>\n<p>En otros municipios del Istmo hay otros seis fallecidos, entre ellos dos en la localidad de Huamelula y otros dos en Ixtaltepec. <\/p>\n<p>Por su parte, el secretario de Protecci\u00f3n Civil del Gobierno de Chiapas, Luis Manuel Garc\u00eda Moreno, elev\u00f3 de tres a siete las v\u00edctimas en Chiapas. <\/p>\n<p>\u00abLamentablemente tenemos el registro de siete personas fallecidas. Tres ocurrieron en el municipio de San Crist\u00f3bal de la Casas, dos en Villaflores, una m\u00e1s en Pijijiapan y una m\u00e1s en Jiquipilas\u00bb, se\u00f1al\u00f3 a Televisa. <\/p>\n<p>Adem\u00e1s, otras dos personas, menores de edad, murieron en el sure\u00f1o estado de Tabasco. <\/p>\n<p>El saldo total de fallecidos a ra\u00edz de este sismo de magnitud de 8,2 en la escala de Richter, con epicentro frente a las costas de Chiapas, en el sureste de\u00a0M\u00e9xico, se eleva a 32. <\/p>\n<p>En cuanto a los heridos, el coordinador de Protecci\u00f3n Civil, Luis Felipe Puente, indic\u00f3 que la Secretar\u00eda de Salud todav\u00eda est\u00e1 efectuando un recuento en los hospitales de las personas que ingresan por heridas causadas por el se\u00edsmo. <\/p>\n<p>Indic\u00f3 que la Secretar\u00eda de Comunicaciones y Transportes informa de deslizamientos en algunas carreteras y \u00abpeque\u00f1os da\u00f1os\u00bb. <\/p>\n<p>Hasta el momento, tras el terremoto se han producido 65 r\u00e9plicas, la mayor de ellas de 6,1 grados en la escala de Richter. <\/p>\n<p>\u00a0 <\/p>\n","protected":false},"excerpt":{"rendered":"<p>El fuerte terremoto registrado en la noche del jueves en\u00a0M\u00e9xico\u00a0ha <a href=\"https:\/\/sertv.gob.pa\/crisolfm\/sube-cifra-de-muertos-en-el-sur-de-mexico-por-fuerte-terremoto\/\"> [&#8230;]<\/a><\/p>\n","protected":false},"author":1,"featured_media":9300,"comment_status":"closed","ping_status":"closed","sticky":false,"template":"","format":"standard","meta":{"footnotes":""},"categories":[7],"tags":[],"class_list":["post-9299","post","type-post","status-publish","format-standard","has-post-thumbnail","hentry","category-ecologicas"],"_links":{"self":[{"href":"https:\/\/sertv.gob.pa\/crisolfm\/wp-json\/wp\/v2\/posts\/9299","targetHints":{"allow":["GET"]}}],"collection":[{"href":"https:\/\/sertv.gob.pa\/crisolfm\/wp-json\/wp\/v2\/posts"}],"about":[{"href":"https:\/\/sertv.gob.pa\/crisolfm\/wp-json\/wp\/v2\/types\/post"}],"author":[{"embeddable":true,"href":"https:\/\/sertv.gob.pa\/crisolfm\/wp-json\/wp\/v2\/users\/1"}],"replies":[{"embeddable":true,"href":"https:\/\/sertv.gob.pa\/crisolfm\/wp-json\/wp\/v2\/comments?post=9299"}],"version-history":[{"count":0,"href":"https:\/\/sertv.gob.pa\/crisolfm\/wp-json\/wp\/v2\/posts\/9299\/revisions"}],"wp:featuredmedia":[{"embeddable":true,"href":"https:\/\/sertv.gob.pa\/crisolfm\/wp-json\/wp\/v2\/media\/9300"}],"wp:attachment":[{"href":"https:\/\/sertv.gob.pa\/crisolfm\/wp-json\/wp\/v2\/media?parent=9299"}],"wp:term":[{"taxonomy":"category","embeddable":true,"href":"https:\/\/sertv.gob.pa\/crisolfm\/wp-json\/wp\/v2\/categories?post=9299"},{"taxonomy":"post_tag","embeddable":true,"href":"https:\/\/sertv.gob.pa\/crisolfm\/wp-json\/wp\/v2\/tags?post=9299"}],"curies":[{"name":"wp","href":"https:\/\/api.w.org\/{rel}","templated":true}]}}