{"id":9301,"date":"2017-09-08T20:23:34","date_gmt":"2017-09-08T20:23:34","guid":{"rendered":""},"modified":"2017-09-08T20:23:34","modified_gmt":"2017-09-08T20:23:34","slug":"tormentas-katia-y-jose-se-suman-a-huracan-irma","status":"publish","type":"post","link":"https:\/\/sertv.gob.pa\/crisolfm\/tormentas-katia-y-jose-se-suman-a-huracan-irma\/","title":{"rendered":"Tormentas Katia y Jos\u00e9 se suman a hurac\u00e1n Irma"},"content":{"rendered":"<p>\nLas tormentas tropicales Jos\u00e9 y Katia se convirtieron hoy en hurac\u00e1n de categor\u00eda 1 en la cuenca atl\u00e1ntica y se sumaron al poderoso hurac\u00e1n Irma, inform\u00f3 el Centro Nacional de Huracanes (CNH) de Estados Unidos. Jos\u00e9 se encuentra en aguas abiertas del oc\u00e9ano Atl\u00e1ntico y podr\u00eda seguir la estela de Harvey en su rumbo hacia el caribe, mientras que Katia se form\u00f3 en el suroeste del Golfo de M\u00e9xico. <\/p>\n<p>Las previsiones de los expertos del CNH apuntan que Jos\u00e9, que tiene unos vientos de 75 millas por hora (120 kil\u00f3metros por hora), se dirija hacia oeste-noroeste, rumbo a las Antillas Menores, que ha castigado en las \u00faltimas horas el hurac\u00e1n Irma, de categor\u00eda 5, la m\u00e1xima. <\/p>\n<p>Jos\u00e9 se encuentra a 1.040 millas (1.675 kil\u00f3metros) de las Antillas Menores, donde podr\u00eda llegar este pr\u00f3ximo fin de semana, aunque posteriormente virar\u00eda ligeramente hacia el norte para situarse entre los archipi\u00e9lagos de Bermudas y Bahamas, y no como Irma, que pasar\u00e1 cerca de la costa norte de Puerto Rico y Cuba. Al igual que Jos\u00e9, Katia igualmente tiene vientos m\u00e1ximos sostenidos, con rachas m\u00e1s elevadas, de 75 millas por hora (120 kil\u00f3metros por hora), lo que ha puesto en aviso de hurac\u00e1n al estado mexicano de Veracruz, desde Tuxpan a Laguna Verde, indic\u00f3 el NHC. <\/p>\n<p>Este cicl\u00f3n se encuentra a 185 millas (295 kil\u00f3metros) de Tampico y 185 millas (300 kil\u00f3metros) de Veracruz, ambos en M\u00e9xico, y se mueve hacia el sureste a una velocidad de 3 millas por hora (6 kil\u00f3metros). Las previsiones de los meteor\u00f3logos es que Katia permanezca frente a la costa hasta \u00faltima hora de este viernes, cuando tocar\u00eda tierra en M\u00e9xico para debilitarse posteriormente a depresi\u00f3n tropical. <\/p>\n<p>Se espera que Katia produzca acumulaciones de lluvia total de 5 a 10 pulgadas (de 127 a 254 mil\u00edmetros) sobre el norte de Veracruz, y 2 a 5 pulgadas (de 50 a 127 mil\u00edmetros) al sur de Tamaulipas, al noreste de Puebla y al sur de Veracruz en la ma\u00f1ana del s\u00e1bado. <\/p>\n<p>El CNH alert\u00f3 sin embargo que en el norte de Veracruz se puede acumular cantidades m\u00e1ximas de hasta 15 pulgadas (381 mil\u00edmetros). Esta lluvia puede poner en peligro la vida de las personas debido a inundaciones y deslizamientos de tierra, especialmente en \u00e1reas monta\u00f1osas, indic\u00f3 el CNH. Estos dos huracanes se suman al \u00abpotencialmente catastr\u00f3fico\u00bb Irma, el hurac\u00e1n m\u00e1s fuerte registrado hasta ahora en el Atl\u00e1ntico, que se acerca a la costa noreste de Puerto Rico luego de dejar atr\u00e1s las Islas V\u00edrgenes Brit\u00e1nicas, en el Caribe. <\/p>\n<p>La primera tormenta tropical de 2017 fue Arlene, que se form\u00f3 en abril pasado en mitad del Atl\u00e1ntico, m\u00e1s de un mes antes del comienzo de la temporada. A esta siguieron Bret, Cindy, Don, Emily y Franklin, que se convirti\u00f3 en el primer hurac\u00e1n de la temporada; luego, Gert, el segundo hurac\u00e1n; Harvey, que alcanz\u00f3 la categor\u00eda 4; Irma, categor\u00eda 5, la m\u00e1xima; y Jos\u00e9 y Katia, por ahora de categor\u00eda 1. <\/p>\n<p>\u00a0 <\/p>\n","protected":false},"excerpt":{"rendered":"<p>Las tormentas tropicales Jos\u00e9 y Katia se convirtieron hoy en <a href=\"https:\/\/sertv.gob.pa\/crisolfm\/tormentas-katia-y-jose-se-suman-a-huracan-irma\/\"> [&#8230;]<\/a><\/p>\n","protected":false},"author":1,"featured_media":9302,"comment_status":"closed","ping_status":"closed","sticky":false,"template":"","format":"standard","meta":{"footnotes":""},"categories":[7],"tags":[],"class_list":["post-9301","post","type-post","status-publish","format-standard","has-post-thumbnail","hentry","category-ecologicas"],"_links":{"self":[{"href":"https:\/\/sertv.gob.pa\/crisolfm\/wp-json\/wp\/v2\/posts\/9301","targetHints":{"allow":["GET"]}}],"collection":[{"href":"https:\/\/sertv.gob.pa\/crisolfm\/wp-json\/wp\/v2\/posts"}],"about":[{"href":"https:\/\/sertv.gob.pa\/crisolfm\/wp-json\/wp\/v2\/types\/post"}],"author":[{"embeddable":true,"href":"https:\/\/sertv.gob.pa\/crisolfm\/wp-json\/wp\/v2\/users\/1"}],"replies":[{"embeddable":true,"href":"https:\/\/sertv.gob.pa\/crisolfm\/wp-json\/wp\/v2\/comments?post=9301"}],"version-history":[{"count":0,"href":"https:\/\/sertv.gob.pa\/crisolfm\/wp-json\/wp\/v2\/posts\/9301\/revisions"}],"wp:featuredmedia":[{"embeddable":true,"href":"https:\/\/sertv.gob.pa\/crisolfm\/wp-json\/wp\/v2\/media\/9302"}],"wp:attachment":[{"href":"https:\/\/sertv.gob.pa\/crisolfm\/wp-json\/wp\/v2\/media?parent=9301"}],"wp:term":[{"taxonomy":"category","embeddable":true,"href":"https:\/\/sertv.gob.pa\/crisolfm\/wp-json\/wp\/v2\/categories?post=9301"},{"taxonomy":"post_tag","embeddable":true,"href":"https:\/\/sertv.gob.pa\/crisolfm\/wp-json\/wp\/v2\/tags?post=9301"}],"curies":[{"name":"wp","href":"https:\/\/api.w.org\/{rel}","templated":true}]}}