{"id":9317,"date":"2017-09-10T05:00:00","date_gmt":"2017-09-10T05:00:00","guid":{"rendered":""},"modified":"2017-09-10T05:00:00","modified_gmt":"2017-09-10T05:00:00","slug":"el-volcan-la-cumbre-en-ecuador-esta-en-etapa-eruptiva","status":"publish","type":"post","link":"https:\/\/sertv.gob.pa\/crisolfm\/el-volcan-la-cumbre-en-ecuador-esta-en-etapa-eruptiva\/","title":{"rendered":"El volc\u00e1n La Cumbre en Ecuador est\u00e1 en etapa eruptiva"},"content":{"rendered":"<p>\nEl Instituto Geof\u00edsico de Ecuador report\u00f3 que el volc\u00e1n La Cumbre, ubicado en el territorio insular Fernandina, perteneciente a Islas Gal\u00e1pagos, entr\u00f3 en fase eruptiva. <\/p>\n<p>La red s\u00edsmica del Instituto Geof\u00edsico instalada en Gal\u00e1pagos comenz\u00f3 a detectar actividad en el volc\u00e1n y se comprob\u00f3 la presencia de una columna eruptiva. <\/p>\n<p>Seg\u00fan indicaron especialistas, la Isla Fernandina no tiene asentamientos humanos que podr\u00edan ser afectados por la actividad de la monta\u00f1a. <\/p>\n<p>Asimismo precisaron que basados en la direcci\u00f3n del viento, la columna de erupci\u00f3n no debe perjudicar tampoco a las poblaciones de Puerto Ayora, Puerto Villamil, o Puerto Baquerizo, ubicadas al sur y sureste del volc\u00e1n. <\/p>\n<p>La Secretar\u00eda de Riesgos, de su lado, alert\u00f3 que se esperan flujos continuos de lava con poca probabilidad de erupciones explosivas. <\/p>\n<p>\u00a0 <\/p>\n<p>\u00a0 <\/p>\n","protected":false},"excerpt":{"rendered":"<p>El Instituto Geof\u00edsico de Ecuador report\u00f3 que el volc\u00e1n La <a href=\"https:\/\/sertv.gob.pa\/crisolfm\/el-volcan-la-cumbre-en-ecuador-esta-en-etapa-eruptiva\/\"> [&#8230;]<\/a><\/p>\n","protected":false},"author":1,"featured_media":9318,"comment_status":"closed","ping_status":"closed","sticky":false,"template":"","format":"standard","meta":{"footnotes":""},"categories":[7],"tags":[],"class_list":["post-9317","post","type-post","status-publish","format-standard","has-post-thumbnail","hentry","category-ecologicas"],"_links":{"self":[{"href":"https:\/\/sertv.gob.pa\/crisolfm\/wp-json\/wp\/v2\/posts\/9317","targetHints":{"allow":["GET"]}}],"collection":[{"href":"https:\/\/sertv.gob.pa\/crisolfm\/wp-json\/wp\/v2\/posts"}],"about":[{"href":"https:\/\/sertv.gob.pa\/crisolfm\/wp-json\/wp\/v2\/types\/post"}],"author":[{"embeddable":true,"href":"https:\/\/sertv.gob.pa\/crisolfm\/wp-json\/wp\/v2\/users\/1"}],"replies":[{"embeddable":true,"href":"https:\/\/sertv.gob.pa\/crisolfm\/wp-json\/wp\/v2\/comments?post=9317"}],"version-history":[{"count":0,"href":"https:\/\/sertv.gob.pa\/crisolfm\/wp-json\/wp\/v2\/posts\/9317\/revisions"}],"wp:featuredmedia":[{"embeddable":true,"href":"https:\/\/sertv.gob.pa\/crisolfm\/wp-json\/wp\/v2\/media\/9318"}],"wp:attachment":[{"href":"https:\/\/sertv.gob.pa\/crisolfm\/wp-json\/wp\/v2\/media?parent=9317"}],"wp:term":[{"taxonomy":"category","embeddable":true,"href":"https:\/\/sertv.gob.pa\/crisolfm\/wp-json\/wp\/v2\/categories?post=9317"},{"taxonomy":"post_tag","embeddable":true,"href":"https:\/\/sertv.gob.pa\/crisolfm\/wp-json\/wp\/v2\/tags?post=9317"}],"curies":[{"name":"wp","href":"https:\/\/api.w.org\/{rel}","templated":true}]}}