{"id":9319,"date":"2017-09-11T20:07:33","date_gmt":"2017-09-11T20:07:33","guid":{"rendered":""},"modified":"2017-09-11T20:07:33","modified_gmt":"2017-09-11T20:07:33","slug":"el-ciclon-irma-arrasa","status":"publish","type":"post","link":"https:\/\/sertv.gob.pa\/crisolfm\/el-ciclon-irma-arrasa\/","title":{"rendered":"El cicl\u00f3n Irma arrasa"},"content":{"rendered":"<p>\n El paso del hurac\u00e1n Irma por la isla de Cuba dejo fuertes inundaciones, da\u00f1os materiales y unas 15.000 personas evacuadas por la cercan\u00eda de sus casas a la costa. Irma se mantuvo en la isla por 48 horas y las olas del mar inundaron unas 11 calles adentro de La Habana.  <\/p>\n<p>El imparable hurac\u00e1n lleg\u00f3 con vientos de 200 K\/H a Los Cayos de Florida, donde dej\u00f3 3 v\u00edctimas fatales y una crisis humanitaria sin precedentes. Alrededor \u00a0de 6.3 millones de personas fueron evacuadas. El Gobierno paname\u00f1o se sum\u00f3 a la ayuda internacional. <\/p>\n<p>\u00a0 <\/p>\n<p>\u00a0 <\/p>\n","protected":false},"excerpt":{"rendered":"<p>El paso del hurac\u00e1n Irma por la isla de Cuba <a href=\"https:\/\/sertv.gob.pa\/crisolfm\/el-ciclon-irma-arrasa\/\"> [&#8230;]<\/a><\/p>\n","protected":false},"author":1,"featured_media":9320,"comment_status":"closed","ping_status":"closed","sticky":false,"template":"","format":"standard","meta":{"footnotes":""},"categories":[7],"tags":[],"class_list":["post-9319","post","type-post","status-publish","format-standard","has-post-thumbnail","hentry","category-ecologicas"],"_links":{"self":[{"href":"https:\/\/sertv.gob.pa\/crisolfm\/wp-json\/wp\/v2\/posts\/9319","targetHints":{"allow":["GET"]}}],"collection":[{"href":"https:\/\/sertv.gob.pa\/crisolfm\/wp-json\/wp\/v2\/posts"}],"about":[{"href":"https:\/\/sertv.gob.pa\/crisolfm\/wp-json\/wp\/v2\/types\/post"}],"author":[{"embeddable":true,"href":"https:\/\/sertv.gob.pa\/crisolfm\/wp-json\/wp\/v2\/users\/1"}],"replies":[{"embeddable":true,"href":"https:\/\/sertv.gob.pa\/crisolfm\/wp-json\/wp\/v2\/comments?post=9319"}],"version-history":[{"count":0,"href":"https:\/\/sertv.gob.pa\/crisolfm\/wp-json\/wp\/v2\/posts\/9319\/revisions"}],"wp:featuredmedia":[{"embeddable":true,"href":"https:\/\/sertv.gob.pa\/crisolfm\/wp-json\/wp\/v2\/media\/9320"}],"wp:attachment":[{"href":"https:\/\/sertv.gob.pa\/crisolfm\/wp-json\/wp\/v2\/media?parent=9319"}],"wp:term":[{"taxonomy":"category","embeddable":true,"href":"https:\/\/sertv.gob.pa\/crisolfm\/wp-json\/wp\/v2\/categories?post=9319"},{"taxonomy":"post_tag","embeddable":true,"href":"https:\/\/sertv.gob.pa\/crisolfm\/wp-json\/wp\/v2\/tags?post=9319"}],"curies":[{"name":"wp","href":"https:\/\/api.w.org\/{rel}","templated":true}]}}