{"id":9339,"date":"2017-09-12T20:43:54","date_gmt":"2017-09-12T20:43:54","guid":{"rendered":""},"modified":"2017-09-12T20:43:54","modified_gmt":"2017-09-12T20:43:54","slug":"llamarada-solar-mas-potente-del-ultimo-decenio-es-detectada","status":"publish","type":"post","link":"https:\/\/sertv.gob.pa\/crisolfm\/llamarada-solar-mas-potente-del-ultimo-decenio-es-detectada\/","title":{"rendered":"Llamarada solar m\u00e1s potente del \u00faltimo decenio es detectada"},"content":{"rendered":"<p>\nUna regi\u00f3n activa del sol est\u00e1 registrando tormentas solares de gran intensidad que han afectado al campo magn\u00e9tico de la Tierra y han generado distorsiones en la se\u00f1al de GPS y en las comunicaciones de radio europeas y estadounidenses, inform\u00f3 el Servicio Nacional espa\u00f1ol de Meteorolog\u00eda Espacial (Senmes). <\/p>\n<p>El Senmes considera que estas tormentas solares mantienen en alerta a los servicios de meteorolog\u00eda espacial de todo el mundo, aunque de momento no han producido \u00abmales mayores\u00bb. <\/p>\n<p>Hasta el momento, el Servicio ha detectado fulguraciones importantes (liberaci\u00f3n s\u00fabita de radiaci\u00f3n electromagn\u00e9tica) y fuertes eyecciones de masa coronal (onda hecha de radiaci\u00f3n y viento solar que se desprende del Sol, en siglas CME). <\/p>\n<p>La primera fulguraci\u00f3n tuvo lugar el pasado 4 de septiembre, cuando se registr\u00f3 una erupci\u00f3n \u00ablenta y que no provoc\u00f3 males mayores, aunque se observaron perturbaciones magn\u00e9ticas en suelo espa\u00f1ol durante la noche del 6 al 7 de septiembre\u00bb, explica en el comunicado Consuelo Cid, experta del Senmes. <\/p>\n<p>Sin embargo, el 6 de septiembre, poco antes de las 12:00 horas GMT, se produjo una fulguraci\u00f3n que ha sido \u00abla m\u00e1s intensa de los \u00faltimos 10 a\u00f1os\u00bb, y que emiti\u00f3 part\u00edculas de alta energ\u00eda. <\/p>\n<p>\u00abDigamos que en el sol se produjo el equivalente a un terremoto, con una onda expansiva importante, pero no pudimos ver las primeras im\u00e1genes de un coron\u00f3grafo hasta las 15.00 GMT. Hab\u00eda una eyecci\u00f3n de masa coronal muy r\u00e1pida, a bastante m\u00e1s de 1.000 km\/segundo y ten\u00edamos claro que llegaba a Tierra&#8217;, seg\u00fan Cid. <\/p>\n<p>Desde ese d\u00eda, el sol ha seguido explotando, lanzando fulguraciones, emitiendo una gran cantidad de luz que ha generado problemas en la emisi\u00f3n de radio y provocado distorsiones tambi\u00e9n en GPS en la zona europea y en los Estados Unidos, lo que se ha sumado a los efectos del hurac\u00e1n\u00a0Irma, explic\u00f3 el organismo en la nota. <\/p>\n<p>Y aunque esta zona parec\u00eda en calma, el domingo 10 de septiembre a las 15:35 hora GMT, se observ\u00f3 una \u00faltima erupci\u00f3n del sol casi como la del d\u00eda 6. <\/p>\n<p>Habr\u00e1 que esperar en torno a dos semanas para comprobar si la regi\u00f3n del sol alterada en los \u00faltimos d\u00edas sigue activa a nivel magn\u00e9tico. <\/p>\n","protected":false},"excerpt":{"rendered":"<p>Una regi\u00f3n activa del sol est\u00e1 registrando tormentas solares de <a href=\"https:\/\/sertv.gob.pa\/crisolfm\/llamarada-solar-mas-potente-del-ultimo-decenio-es-detectada\/\"> [&#8230;]<\/a><\/p>\n","protected":false},"author":1,"featured_media":9340,"comment_status":"closed","ping_status":"closed","sticky":false,"template":"","format":"standard","meta":{"footnotes":""},"categories":[7],"tags":[],"class_list":["post-9339","post","type-post","status-publish","format-standard","has-post-thumbnail","hentry","category-ecologicas"],"_links":{"self":[{"href":"https:\/\/sertv.gob.pa\/crisolfm\/wp-json\/wp\/v2\/posts\/9339","targetHints":{"allow":["GET"]}}],"collection":[{"href":"https:\/\/sertv.gob.pa\/crisolfm\/wp-json\/wp\/v2\/posts"}],"about":[{"href":"https:\/\/sertv.gob.pa\/crisolfm\/wp-json\/wp\/v2\/types\/post"}],"author":[{"embeddable":true,"href":"https:\/\/sertv.gob.pa\/crisolfm\/wp-json\/wp\/v2\/users\/1"}],"replies":[{"embeddable":true,"href":"https:\/\/sertv.gob.pa\/crisolfm\/wp-json\/wp\/v2\/comments?post=9339"}],"version-history":[{"count":0,"href":"https:\/\/sertv.gob.pa\/crisolfm\/wp-json\/wp\/v2\/posts\/9339\/revisions"}],"wp:featuredmedia":[{"embeddable":true,"href":"https:\/\/sertv.gob.pa\/crisolfm\/wp-json\/wp\/v2\/media\/9340"}],"wp:attachment":[{"href":"https:\/\/sertv.gob.pa\/crisolfm\/wp-json\/wp\/v2\/media?parent=9339"}],"wp:term":[{"taxonomy":"category","embeddable":true,"href":"https:\/\/sertv.gob.pa\/crisolfm\/wp-json\/wp\/v2\/categories?post=9339"},{"taxonomy":"post_tag","embeddable":true,"href":"https:\/\/sertv.gob.pa\/crisolfm\/wp-json\/wp\/v2\/tags?post=9339"}],"curies":[{"name":"wp","href":"https:\/\/api.w.org\/{rel}","templated":true}]}}