{"id":9353,"date":"2017-09-13T20:50:47","date_gmt":"2017-09-13T20:50:47","guid":{"rendered":""},"modified":"2017-09-13T20:50:47","modified_gmt":"2017-09-13T20:50:47","slug":"el-huracan-jose-se-mueve-entre-bahamas-y-bermudas","status":"publish","type":"post","link":"https:\/\/sertv.gob.pa\/crisolfm\/el-huracan-jose-se-mueve-entre-bahamas-y-bermudas\/","title":{"rendered":"El hurac\u00e1n Jos\u00e9 se mueve entre Bahamas y Bermudas"},"content":{"rendered":"<p>\nEl hurac\u00e1n de categor\u00eda 1, Jos\u00e9, contin\u00faa hoy su avance por el suroeste del Atl\u00e1ntico, entre Bahamas y las islas Bermudas, sin variaci\u00f3n en sus vientos m\u00e1ximos sostenidos, inform\u00f3 el Centro Nacional de Huracanes (NHC) de EE.UU. <\/p>\n<p>Jos\u00e9 avanza hacia el sureste con una velocidad de traslaci\u00f3n de 8 millas por hora (13 km\/h) y los meteor\u00f3logos prev\u00e9n que haga un \u00ablento movimiento en el sentido de las agujas del reloj durante las pr\u00f3ximas 48 horas\u00bb, para desplazarse hacia el noroeste el jueves. <\/p>\n<p>En su bolet\u00edn m\u00e1s reciente, el NHC indic\u00f3 que Jos\u00e9 presentaba vientos m\u00e1ximos sostenidos de 75 millas por hora (120 km\/h) y se encontraba ubicado a 505 millas (810 kil\u00f3metros) al este-noreste de del sureste de Bahamas y a 435 millas (700 kil\u00f3metros) de Bermudas. <\/p>\n<p>Por el momento, Jos\u00e9 no supone ninguna amenaza para zonas pobladas y se esperan pocos cambios en la intensidad de sus vientos.\u00a0 <\/p>\n","protected":false},"excerpt":{"rendered":"<p>El hurac\u00e1n de categor\u00eda 1, Jos\u00e9, contin\u00faa hoy su avance <a href=\"https:\/\/sertv.gob.pa\/crisolfm\/el-huracan-jose-se-mueve-entre-bahamas-y-bermudas\/\"> [&#8230;]<\/a><\/p>\n","protected":false},"author":1,"featured_media":9354,"comment_status":"closed","ping_status":"closed","sticky":false,"template":"","format":"standard","meta":{"footnotes":""},"categories":[7],"tags":[],"class_list":["post-9353","post","type-post","status-publish","format-standard","has-post-thumbnail","hentry","category-ecologicas"],"_links":{"self":[{"href":"https:\/\/sertv.gob.pa\/crisolfm\/wp-json\/wp\/v2\/posts\/9353","targetHints":{"allow":["GET"]}}],"collection":[{"href":"https:\/\/sertv.gob.pa\/crisolfm\/wp-json\/wp\/v2\/posts"}],"about":[{"href":"https:\/\/sertv.gob.pa\/crisolfm\/wp-json\/wp\/v2\/types\/post"}],"author":[{"embeddable":true,"href":"https:\/\/sertv.gob.pa\/crisolfm\/wp-json\/wp\/v2\/users\/1"}],"replies":[{"embeddable":true,"href":"https:\/\/sertv.gob.pa\/crisolfm\/wp-json\/wp\/v2\/comments?post=9353"}],"version-history":[{"count":0,"href":"https:\/\/sertv.gob.pa\/crisolfm\/wp-json\/wp\/v2\/posts\/9353\/revisions"}],"wp:featuredmedia":[{"embeddable":true,"href":"https:\/\/sertv.gob.pa\/crisolfm\/wp-json\/wp\/v2\/media\/9354"}],"wp:attachment":[{"href":"https:\/\/sertv.gob.pa\/crisolfm\/wp-json\/wp\/v2\/media?parent=9353"}],"wp:term":[{"taxonomy":"category","embeddable":true,"href":"https:\/\/sertv.gob.pa\/crisolfm\/wp-json\/wp\/v2\/categories?post=9353"},{"taxonomy":"post_tag","embeddable":true,"href":"https:\/\/sertv.gob.pa\/crisolfm\/wp-json\/wp\/v2\/tags?post=9353"}],"curies":[{"name":"wp","href":"https:\/\/api.w.org\/{rel}","templated":true}]}}