{"id":9355,"date":"2017-09-13T20:56:19","date_gmt":"2017-09-13T20:56:19","guid":{"rendered":""},"modified":"2017-09-13T20:56:19","modified_gmt":"2017-09-13T20:56:19","slug":"abejas-podrian-ayudar-a-salvar-los-cultivos-de-cafe","status":"publish","type":"post","link":"https:\/\/sertv.gob.pa\/crisolfm\/abejas-podrian-ayudar-a-salvar-los-cultivos-de-cafe\/","title":{"rendered":"Abejas podr\u00edan ayudar a salvar los cultivos de caf\u00e9"},"content":{"rendered":"<p>\nAnte los pron\u00f3sticos que indican que para el a\u00f1o 2050 las zonas adecuadas para el cultivo de caf\u00e9 en Latinoam\u00e9rica disminuir\u00e1n entre un 73% y un 88%, las abejas podr\u00edan ayudar a salvar los cultivos de caf\u00e9 frente al calentamiento global, revela un estudio del Instituto Smithsonian de Investigaciones Tropicales (STRI). <\/p>\n<p>Seg\u00fan David Roubik, cient\u00edfico del Smithsonian y coautor de la investigaci\u00f3n, desde hace m\u00e1s de cuatro d\u00e9cadas se ha estado estudiando el comportamiento de las abejas africanizadas y nativas desde Brasil hasta Am\u00e9rica Latina en diversos escenarios clim\u00e1ticos. Se comprob\u00f3 que las plantas polinizadas por abejas africanizadas producen m\u00e1s flores para las abejas nativas y est\u00e1n mejor adaptadas para soportar el cambio clim\u00e1tico y polinizar el caf\u00e9. <\/p>\n<p>El Smithsonian desarroll\u00f3 esta investigaci\u00f3n en conjunto con el Centro Internacional de Agricultura Tropical en Vietnam; el Centro Tropical de Investigaci\u00f3n y Ense\u00f1anza Agr\u00edcola en Costa Rica; Conservation International y la Universidad de Vermont en los Estados Unidos; CIRAD en Francia; y CIFOR, en Per\u00fa. <\/p>\n<p>\u00a0 <\/p>\n","protected":false},"excerpt":{"rendered":"<p>Ante los pron\u00f3sticos que indican que para el a\u00f1o 2050 <a href=\"https:\/\/sertv.gob.pa\/crisolfm\/abejas-podrian-ayudar-a-salvar-los-cultivos-de-cafe\/\"> [&#8230;]<\/a><\/p>\n","protected":false},"author":1,"featured_media":9356,"comment_status":"closed","ping_status":"closed","sticky":false,"template":"","format":"standard","meta":{"footnotes":""},"categories":[7],"tags":[],"class_list":["post-9355","post","type-post","status-publish","format-standard","has-post-thumbnail","hentry","category-ecologicas"],"_links":{"self":[{"href":"https:\/\/sertv.gob.pa\/crisolfm\/wp-json\/wp\/v2\/posts\/9355","targetHints":{"allow":["GET"]}}],"collection":[{"href":"https:\/\/sertv.gob.pa\/crisolfm\/wp-json\/wp\/v2\/posts"}],"about":[{"href":"https:\/\/sertv.gob.pa\/crisolfm\/wp-json\/wp\/v2\/types\/post"}],"author":[{"embeddable":true,"href":"https:\/\/sertv.gob.pa\/crisolfm\/wp-json\/wp\/v2\/users\/1"}],"replies":[{"embeddable":true,"href":"https:\/\/sertv.gob.pa\/crisolfm\/wp-json\/wp\/v2\/comments?post=9355"}],"version-history":[{"count":0,"href":"https:\/\/sertv.gob.pa\/crisolfm\/wp-json\/wp\/v2\/posts\/9355\/revisions"}],"wp:featuredmedia":[{"embeddable":true,"href":"https:\/\/sertv.gob.pa\/crisolfm\/wp-json\/wp\/v2\/media\/9356"}],"wp:attachment":[{"href":"https:\/\/sertv.gob.pa\/crisolfm\/wp-json\/wp\/v2\/media?parent=9355"}],"wp:term":[{"taxonomy":"category","embeddable":true,"href":"https:\/\/sertv.gob.pa\/crisolfm\/wp-json\/wp\/v2\/categories?post=9355"},{"taxonomy":"post_tag","embeddable":true,"href":"https:\/\/sertv.gob.pa\/crisolfm\/wp-json\/wp\/v2\/tags?post=9355"}],"curies":[{"name":"wp","href":"https:\/\/api.w.org\/{rel}","templated":true}]}}