{"id":9367,"date":"2017-09-14T20:28:57","date_gmt":"2017-09-14T20:28:57","guid":{"rendered":""},"modified":"2017-09-14T20:28:57","modified_gmt":"2017-09-14T20:28:57","slug":"en-panama-norte-habra-feria-ecologica","status":"publish","type":"post","link":"https:\/\/sertv.gob.pa\/crisolfm\/en-panama-norte-habra-feria-ecologica\/","title":{"rendered":"En Panam\u00e1 Norte habr\u00e1 Feria Ecol\u00f3gica"},"content":{"rendered":"<p>\nCon la organizaci\u00f3n del Ministerio de Educaci\u00f3n y el apoyo de la Junta Comunal de Chilibre, Fundaci\u00f3n Roba Morena y Fundaci\u00f3n Remar, estudiantes de k\u00ednder a premedia de Panam\u00e1 Norte y vecinos de Chilibre se congregaron en la escuela John F. Kennedy para llevar a cabo la tercera Feria Ecol\u00f3gica y Cultural de Panam\u00e1 Norte, en el marco del Mes de los Oc\u00e9anos. <\/p>\n<p>La actividad forma parte del proyecto piloto &lsquo;Basura Cero&ndash;Cambia tu Barrio&#8217;, que llevan a cabo, en conjunto, la Cervecer\u00eda Nacional, el Municipio de Panam\u00e1, la Autoridad de Aseo y la Asociaci\u00f3n Nacional para la Conservaci\u00f3n de la Naturaleza, desde el a\u00f1o 2015, con el fin de promover buenas pr\u00e1cticas en el manejo de residuos en las comunidades, por medio del uso de las 3R (Reducir, Reutilizar y Reciclar). <\/p>\n<p>&lsquo;Es nuestra responsabilidad contribuir a impulsar una nueva cultura de aseo y manejo de los residuos en nuestras comunidades&#8230;&#8217;, expres\u00f3 Nelly Rangel, directora de Sostenibilidad y Comunicaci\u00f3n de la Cervecer\u00eda Nacional. <\/p>\n<p>\u00a0 <\/p>\n","protected":false},"excerpt":{"rendered":"<p>Con la organizaci\u00f3n del Ministerio de Educaci\u00f3n y el apoyo <a href=\"https:\/\/sertv.gob.pa\/crisolfm\/en-panama-norte-habra-feria-ecologica\/\"> [&#8230;]<\/a><\/p>\n","protected":false},"author":1,"featured_media":9368,"comment_status":"closed","ping_status":"closed","sticky":false,"template":"","format":"standard","meta":{"footnotes":""},"categories":[7],"tags":[],"class_list":["post-9367","post","type-post","status-publish","format-standard","has-post-thumbnail","hentry","category-ecologicas"],"_links":{"self":[{"href":"https:\/\/sertv.gob.pa\/crisolfm\/wp-json\/wp\/v2\/posts\/9367","targetHints":{"allow":["GET"]}}],"collection":[{"href":"https:\/\/sertv.gob.pa\/crisolfm\/wp-json\/wp\/v2\/posts"}],"about":[{"href":"https:\/\/sertv.gob.pa\/crisolfm\/wp-json\/wp\/v2\/types\/post"}],"author":[{"embeddable":true,"href":"https:\/\/sertv.gob.pa\/crisolfm\/wp-json\/wp\/v2\/users\/1"}],"replies":[{"embeddable":true,"href":"https:\/\/sertv.gob.pa\/crisolfm\/wp-json\/wp\/v2\/comments?post=9367"}],"version-history":[{"count":0,"href":"https:\/\/sertv.gob.pa\/crisolfm\/wp-json\/wp\/v2\/posts\/9367\/revisions"}],"wp:featuredmedia":[{"embeddable":true,"href":"https:\/\/sertv.gob.pa\/crisolfm\/wp-json\/wp\/v2\/media\/9368"}],"wp:attachment":[{"href":"https:\/\/sertv.gob.pa\/crisolfm\/wp-json\/wp\/v2\/media?parent=9367"}],"wp:term":[{"taxonomy":"category","embeddable":true,"href":"https:\/\/sertv.gob.pa\/crisolfm\/wp-json\/wp\/v2\/categories?post=9367"},{"taxonomy":"post_tag","embeddable":true,"href":"https:\/\/sertv.gob.pa\/crisolfm\/wp-json\/wp\/v2\/tags?post=9367"}],"curies":[{"name":"wp","href":"https:\/\/api.w.org\/{rel}","templated":true}]}}