{"id":9369,"date":"2017-09-14T20:37:58","date_gmt":"2017-09-14T20:37:58","guid":{"rendered":""},"modified":"2017-09-14T20:37:58","modified_gmt":"2017-09-14T20:37:58","slug":"max-se-convierte-en-huracan-categoria-1","status":"publish","type":"post","link":"https:\/\/sertv.gob.pa\/crisolfm\/max-se-convierte-en-huracan-categoria-1\/","title":{"rendered":"Max se convierte en hurac\u00e1n categor\u00eda 1"},"content":{"rendered":"<p>\nMax\u00a0se convirti\u00f3 en hurac\u00e1n categor\u00eda 1 en la escala Saffir-Simpson y avanza directo hacia el sure\u00f1o estado de Guerrero, por lo que en las pr\u00f3ximas horas entrar\u00e1 en territorio mexicano, inform\u00f3 hoy el Servicio Meteorol\u00f3gico Nacional (SMN). <\/p>\n<p>\u00abMax\u00a0se ha intensificado a hurac\u00e1n categor\u00eda 1 y se localiza cerca de la costa de Guerrero, favoreciendo lluvias, vientos fuertes y oleaje elevado en Guerrero y Oaxaca\u00bb, se\u00f1al\u00f3 el SMN en el reporte de las 07.00 hora local (12.00 GMT). <\/p>\n<p>Protecci\u00f3n Civil decret\u00f3 alerta roja (peligro m\u00e1ximo) en las costas de Guerrero, y naranja (peligro alto) en las costas de Oaxaca, el estado m\u00e1s castigado por el poderoso terremoto del pasado 7 de septiembre. <\/p>\n<p>Max, que se form\u00f3 este mi\u00e9rcoles en el Pac\u00edfico, se ubica a 85 kil\u00f3metros al suroeste de Acapulco, Guerrero. <\/p>\n<p>Se desplaza al este a 9 kil\u00f3metros por hora mientras desarrolla vientos sostenidos de 120 kil\u00f3metros por hora y rachas de 150. <\/p>\n<p>El SMN, que mantiene una zona de vigilancia para Guerrero desde Punta Maldonado hasta Zihuatanejo, pronostica para las pr\u00f3ximas horas tormentas intensas con puntuales torrenciales (150 a 250 mil\u00edmetros) en la costa central de Guerrero. <\/p>\n<p>Tambi\u00e9n espera tormentas muy fuertes con puntuales intensas (75 a 150 mil\u00edmetros) en la costa este de Michoac\u00e1n y la mayor parte de Guerrero, y tormentas fuertes con puntuales muy fuertes (50 a 75 mil\u00edmetros) en Colima, y centro, sur y costas de Oaxaca. <\/p>\n<p>Asimismo, se producir\u00e1n rachas de viento superiores a 80 kil\u00f3metros por hora en costas de Guerrero, y superiores a 70 kil\u00f3metros por hora en costas de Michoac\u00e1n y Oaxaca, adem\u00e1s de oleaje de 3 a 4 metros en las costas de Guerrero y de 2 a 3 metros en las costas de Oaxaca y Michoac\u00e1n. <\/p>\n<p>El SMN recomend\u00f3 a la poblaci\u00f3n en general y a la navegaci\u00f3n mar\u00edtima extremar precauciones por lluvias, viento y oleaje. <\/p>\n<p>El pron\u00f3stico se\u00f1ala que\u00a0Max\u00a0tocar\u00e1 tierra alrededor del mediod\u00eda de este jueves y que pasada la medianoche se ubicar\u00e1 en tierra a 70 kil\u00f3metros al noroeste de Punta Maldonado, Guerrero. <\/p>\n<p>\u00a0 <\/p>\n","protected":false},"excerpt":{"rendered":"<p>Max\u00a0se convirti\u00f3 en hurac\u00e1n categor\u00eda 1 en la escala Saffir-Simpson <a href=\"https:\/\/sertv.gob.pa\/crisolfm\/max-se-convierte-en-huracan-categoria-1\/\"> [&#8230;]<\/a><\/p>\n","protected":false},"author":1,"featured_media":9370,"comment_status":"closed","ping_status":"closed","sticky":false,"template":"","format":"standard","meta":{"footnotes":""},"categories":[7],"tags":[],"class_list":["post-9369","post","type-post","status-publish","format-standard","has-post-thumbnail","hentry","category-ecologicas"],"_links":{"self":[{"href":"https:\/\/sertv.gob.pa\/crisolfm\/wp-json\/wp\/v2\/posts\/9369","targetHints":{"allow":["GET"]}}],"collection":[{"href":"https:\/\/sertv.gob.pa\/crisolfm\/wp-json\/wp\/v2\/posts"}],"about":[{"href":"https:\/\/sertv.gob.pa\/crisolfm\/wp-json\/wp\/v2\/types\/post"}],"author":[{"embeddable":true,"href":"https:\/\/sertv.gob.pa\/crisolfm\/wp-json\/wp\/v2\/users\/1"}],"replies":[{"embeddable":true,"href":"https:\/\/sertv.gob.pa\/crisolfm\/wp-json\/wp\/v2\/comments?post=9369"}],"version-history":[{"count":0,"href":"https:\/\/sertv.gob.pa\/crisolfm\/wp-json\/wp\/v2\/posts\/9369\/revisions"}],"wp:featuredmedia":[{"embeddable":true,"href":"https:\/\/sertv.gob.pa\/crisolfm\/wp-json\/wp\/v2\/media\/9370"}],"wp:attachment":[{"href":"https:\/\/sertv.gob.pa\/crisolfm\/wp-json\/wp\/v2\/media?parent=9369"}],"wp:term":[{"taxonomy":"category","embeddable":true,"href":"https:\/\/sertv.gob.pa\/crisolfm\/wp-json\/wp\/v2\/categories?post=9369"},{"taxonomy":"post_tag","embeddable":true,"href":"https:\/\/sertv.gob.pa\/crisolfm\/wp-json\/wp\/v2\/tags?post=9369"}],"curies":[{"name":"wp","href":"https:\/\/api.w.org\/{rel}","templated":true}]}}