{"id":9389,"date":"2017-09-15T21:35:17","date_gmt":"2017-09-15T21:35:17","guid":{"rendered":""},"modified":"2017-09-15T21:35:17","modified_gmt":"2017-09-15T21:35:17","slug":"chile-inauguro-la-primera-planta-geotermica-de-sudamerica","status":"publish","type":"post","link":"https:\/\/sertv.gob.pa\/crisolfm\/chile-inauguro-la-primera-planta-geotermica-de-sudamerica\/","title":{"rendered":"Chile inaugur\u00f3 la primera planta geot\u00e9rmica de Sudam\u00e9rica"},"content":{"rendered":"<p>\nLa Presidenta Michelle Bachelet viaj\u00f3 a la comuna de Ollag\u00fce, en el altiplano de la Regi\u00f3n de Antofagasta, para participar en la inauguraci\u00f3n de la planta geot\u00e9rmica Cerro Pabell\u00f3n, proyecto que cuenta con una inversi\u00f3n de 320 millones de d\u00f3lares y fue realizado a trav\u00e9s de un consorcio entre las empresas Enel y Enap. <\/p>\n<p>Se trata de la primera planta geot\u00e9rmica de Sudam\u00e9rica. Genera electricidad a partir del calor de la tierra y es considerada una energ\u00eda de base por su alta disponibilidad y seguridad de suministro, aportando 340 Gwh anuales al Sistema Interconectado de Norte Grande a partir de dos unidades gemelas de 24 MW cada una. <\/p>\n<p>Esto equivale a la demanda de consumo anual de casi 165 mil familias. \u00abEste es el tipo de proyectos que le hacen bien a Chile. Se crean opciones de inversi\u00f3n, se trae innovaci\u00f3n tecnol\u00f3gica, se crean bases para un desarrollo sustentable y hay una apuesta clara por la formaci\u00f3n de capital humano\u00bb, indic\u00f3 la mandataria. <\/p>\n<p>Con esta planta igualmente se evita la emisi\u00f3n de 166 mil toneladas de CO2 a la atm\u00f3sfera cada a\u00f1o. <\/p>\n<p>\u00a0 <\/p>\n<p>\u00a0 <\/p>\n","protected":false},"excerpt":{"rendered":"<p>La Presidenta Michelle Bachelet viaj\u00f3 a la comuna de Ollag\u00fce, <a href=\"https:\/\/sertv.gob.pa\/crisolfm\/chile-inauguro-la-primera-planta-geotermica-de-sudamerica\/\"> [&#8230;]<\/a><\/p>\n","protected":false},"author":1,"featured_media":9390,"comment_status":"closed","ping_status":"closed","sticky":false,"template":"","format":"standard","meta":{"footnotes":""},"categories":[7],"tags":[],"class_list":["post-9389","post","type-post","status-publish","format-standard","has-post-thumbnail","hentry","category-ecologicas"],"_links":{"self":[{"href":"https:\/\/sertv.gob.pa\/crisolfm\/wp-json\/wp\/v2\/posts\/9389","targetHints":{"allow":["GET"]}}],"collection":[{"href":"https:\/\/sertv.gob.pa\/crisolfm\/wp-json\/wp\/v2\/posts"}],"about":[{"href":"https:\/\/sertv.gob.pa\/crisolfm\/wp-json\/wp\/v2\/types\/post"}],"author":[{"embeddable":true,"href":"https:\/\/sertv.gob.pa\/crisolfm\/wp-json\/wp\/v2\/users\/1"}],"replies":[{"embeddable":true,"href":"https:\/\/sertv.gob.pa\/crisolfm\/wp-json\/wp\/v2\/comments?post=9389"}],"version-history":[{"count":0,"href":"https:\/\/sertv.gob.pa\/crisolfm\/wp-json\/wp\/v2\/posts\/9389\/revisions"}],"wp:featuredmedia":[{"embeddable":true,"href":"https:\/\/sertv.gob.pa\/crisolfm\/wp-json\/wp\/v2\/media\/9390"}],"wp:attachment":[{"href":"https:\/\/sertv.gob.pa\/crisolfm\/wp-json\/wp\/v2\/media?parent=9389"}],"wp:term":[{"taxonomy":"category","embeddable":true,"href":"https:\/\/sertv.gob.pa\/crisolfm\/wp-json\/wp\/v2\/categories?post=9389"},{"taxonomy":"post_tag","embeddable":true,"href":"https:\/\/sertv.gob.pa\/crisolfm\/wp-json\/wp\/v2\/tags?post=9389"}],"curies":[{"name":"wp","href":"https:\/\/api.w.org\/{rel}","templated":true}]}}