{"id":9395,"date":"2017-09-18T20:10:59","date_gmt":"2017-09-18T20:10:59","guid":{"rendered":""},"modified":"2017-09-18T20:10:59","modified_gmt":"2017-09-18T20:10:59","slug":"sancionan-a-un-grupo-de-personas-por-perturbar-a-ballenas","status":"publish","type":"post","link":"https:\/\/sertv.gob.pa\/crisolfm\/sancionan-a-un-grupo-de-personas-por-perturbar-a-ballenas\/","title":{"rendered":"Sancionan a un grupo de personas por perturbar a ballenas"},"content":{"rendered":"<p>\nEl Ministerio de Ambiente dio a conocer que sancionar\u00e1 a un grupo de individuos que perturbando a ballenas jorobadas, \u00abdan un mal ejemplo a la poblaci\u00f3n\u00bb. <\/p>\n<p>A trav\u00e9s de su cuenta de Twitter, MiAmbiente comparti\u00f3 el video que deja en evidencia a estas personas invadiendo el espacio de los cet\u00e1ceos. <\/p>\n<p>Panam\u00e1 recibe cada a\u00f1o una importante migraci\u00f3n de ballenas jorobadas que provienen de los hemisferios norte y sur entre junio y octubre y que visitan las costas del Istmo en busca de aguas m\u00e1s c\u00e1lidas y poco profundas para atender a sus cr\u00edas. <\/p>\n<p>A diario, algunas embarcaciones salen a distintas islas del archipi\u00e9lago de Las Perlas, llevando a sus habitantes, funcionarios y turistas que participan en diversas giras que incluyen el avistamiento de ballenas. <\/p>\n<p>Los lugares preferidos son el archipi\u00e9lago de Las Perlas, Chiriqu\u00ed, las costas de Pedas\u00ed y el \u00e1rea del golfo de Montijo. <\/p>\n<p>\u00a0 <\/p>\n<p>\u00a0 <\/p>\n","protected":false},"excerpt":{"rendered":"<p>El Ministerio de Ambiente dio a conocer que sancionar\u00e1 a <a href=\"https:\/\/sertv.gob.pa\/crisolfm\/sancionan-a-un-grupo-de-personas-por-perturbar-a-ballenas\/\"> [&#8230;]<\/a><\/p>\n","protected":false},"author":1,"featured_media":9396,"comment_status":"closed","ping_status":"closed","sticky":false,"template":"","format":"standard","meta":{"footnotes":""},"categories":[7],"tags":[],"class_list":["post-9395","post","type-post","status-publish","format-standard","has-post-thumbnail","hentry","category-ecologicas"],"_links":{"self":[{"href":"https:\/\/sertv.gob.pa\/crisolfm\/wp-json\/wp\/v2\/posts\/9395","targetHints":{"allow":["GET"]}}],"collection":[{"href":"https:\/\/sertv.gob.pa\/crisolfm\/wp-json\/wp\/v2\/posts"}],"about":[{"href":"https:\/\/sertv.gob.pa\/crisolfm\/wp-json\/wp\/v2\/types\/post"}],"author":[{"embeddable":true,"href":"https:\/\/sertv.gob.pa\/crisolfm\/wp-json\/wp\/v2\/users\/1"}],"replies":[{"embeddable":true,"href":"https:\/\/sertv.gob.pa\/crisolfm\/wp-json\/wp\/v2\/comments?post=9395"}],"version-history":[{"count":0,"href":"https:\/\/sertv.gob.pa\/crisolfm\/wp-json\/wp\/v2\/posts\/9395\/revisions"}],"wp:featuredmedia":[{"embeddable":true,"href":"https:\/\/sertv.gob.pa\/crisolfm\/wp-json\/wp\/v2\/media\/9396"}],"wp:attachment":[{"href":"https:\/\/sertv.gob.pa\/crisolfm\/wp-json\/wp\/v2\/media?parent=9395"}],"wp:term":[{"taxonomy":"category","embeddable":true,"href":"https:\/\/sertv.gob.pa\/crisolfm\/wp-json\/wp\/v2\/categories?post=9395"},{"taxonomy":"post_tag","embeddable":true,"href":"https:\/\/sertv.gob.pa\/crisolfm\/wp-json\/wp\/v2\/tags?post=9395"}],"curies":[{"name":"wp","href":"https:\/\/api.w.org\/{rel}","templated":true}]}}